{"id":3108,"date":"2024-06-03T19:06:23","date_gmt":"2024-06-03T22:06:23","guid":{"rendered":"https:\/\/noticiasregionais.com.br\/?p=3108"},"modified":"2024-06-03T19:06:35","modified_gmt":"2024-06-03T22:06:35","slug":"anibal-feliciano-do-uniao-brasil-sai-na-frente-em-canitar-firmando-parceria-com-solidariedade-e-psd","status":"publish","type":"post","link":"https:\/\/noticiasregionais.com.br\/?p=3108","title":{"rendered":"An\u00edbal Feliciano do Uni\u00e3o Brasil sai na frente em Canitar, firmando parceria com Solidariedade e PSD"},"content":{"rendered":"\n<p>Com a proximidade das elei\u00e7\u00f5es municipais, as cidades da regi\u00e3o come\u00e7am a definir os nomes e alian\u00e7as que disputar\u00e3o o pleito deste ano. Em Canitar, o cen\u00e1rio pol\u00edtico ganhou novos contornos na \u00faltima semana, com o pr\u00e9-candidato An\u00edbal Feliciano, do Uni\u00e3o Brasil, saindo na frente e consolidando importantes alian\u00e7as.<br>An\u00edbal Feliciano conseguiu o apoio dos partidos PSD e Solidariedade, fortalecendo sua chapa com a indica\u00e7\u00e3o do pr\u00e9-candidato a vice-prefeito pelo PSD. Na \u00faltima sexta-feira, 31 de maio, Feliciano e seus aliados se reuniram na casa do atual vice-prefeito de Canitar, Ang\u00e9lico Mendes, conhecido como Inh\u00e9, para tra\u00e7ar estrat\u00e9gias e definir planos para a campanha eleitoral.<br>Durante o encontro, An\u00edbal Feliciano enfatizou a import\u00e2ncia de desenvolver a cidade sem deixar de lado as necessidades da popula\u00e7\u00e3o. \u201c\u00c9 preciso mostrar ao povo que \u00e9 poss\u00edvel desenvolver uma cidade sem deixar as pessoas de lado. Precisamos dar mais humanidade a este povo que tem sofrido nos \u00faltimos quatro anos\u201d, declarou An\u00edbal.<br>O pr\u00e9-candidato a vice-prefeito destacou a for\u00e7a da uni\u00e3o entre Uni\u00e3o Brasil, PSD e Solidariedade, afirmando que essa alian\u00e7a traz os melhores quadros da cidade. \u201cAn\u00edbal conseguiu, com a uni\u00e3o de PSD e Solidariedade, formar uma chapa composta pelos melhores representantes da nossa cidade. Isso nos d\u00e1 confian\u00e7a de que podemos fazer a diferen\u00e7a\u201d, ressaltou.<br>Jailton Ferreira, presidente do Solidariedade, tamb\u00e9m esteve presente e sublinhou a necessidade de crescimento e desenvolvimento para Canitar. \u201cCanitar precisa crescer, gerar emprego e renda. \u00c9 preciso evoluir e dar dignidade ao nosso povo, temos que dar um basta na explora\u00e7\u00e3o da mis\u00e9ria alheia em Canitar\u201d, afirmou Jailton.<br>Com essas alian\u00e7as e discursos alinhados, An\u00edbal Feliciano e sua equipe demonstram estar preparados para enfrentar os desafios das elei\u00e7\u00f5es municipais, propondo uma campanha centrada no desenvolvimento sustent\u00e1vel e na melhoria da qualidade de vida dos cidad\u00e3os de Canitar.<\/p>\n<input type=\"hidden\" id=\"baseurl\" value=\"https:\/\/noticiasregionais.com.br\"><input type=\"hidden\" id=\"audio_nonce\" value=\"533fbb67b1\">","protected":false},"excerpt":{"rendered":"<p>Com a proximidade das elei\u00e7\u00f5es municipais, as cidades da regi\u00e3o come\u00e7am a definir os nomes e alian\u00e7as que disputar\u00e3o o&hellip;<\/p>\n","protected":false},"author":1,"featured_media":3109,"comment_status":"closed","ping_status":"open","sticky":false,"template":"","format":"standard","meta":{"sfsi_plus_gutenberg_text_before_share":"","sfsi_plus_gutenberg_show_text_before_share":"","sfsi_plus_gutenberg_icon_type":"","sfsi_plus_gutenberg_icon_alignemt":"","sfsi_plus_gutenburg_max_per_row":"","footnotes":""},"categories":[6,12,1],"tags":[],"class_list":["post-3108","post","type-post","status-publish","format-standard","has-post-thumbnail","hentry","category-sao_paulo","category-capa","category-noticias"],"_links":{"self":[{"href":"https:\/\/noticiasregionais.com.br\/index.php?rest_route=\/wp\/v2\/posts\/3108","targetHints":{"allow":["GET"]}}],"collection":[{"href":"https:\/\/noticiasregionais.com.br\/index.php?rest_route=\/wp\/v2\/posts"}],"about":[{"href":"https:\/\/noticiasregionais.com.br\/index.php?rest_route=\/wp\/v2\/types\/post"}],"author":[{"embeddable":true,"href":"https:\/\/noticiasregionais.com.br\/index.php?rest_route=\/wp\/v2\/users\/1"}],"replies":[{"embeddable":true,"href":"https:\/\/noticiasregionais.com.br\/index.php?rest_route=%2Fwp%2Fv2%2Fcomments&post=3108"}],"version-history":[{"count":1,"href":"https:\/\/noticiasregionais.com.br\/index.php?rest_route=\/wp\/v2\/posts\/3108\/revisions"}],"predecessor-version":[{"id":3110,"href":"https:\/\/noticiasregionais.com.br\/index.php?rest_route=\/wp\/v2\/posts\/3108\/revisions\/3110"}],"wp:featuredmedia":[{"embeddable":true,"href":"https:\/\/noticiasregionais.com.br\/index.php?rest_route=\/wp\/v2\/media\/3109"}],"wp:attachment":[{"href":"https:\/\/noticiasregionais.com.br\/index.php?rest_route=%2Fwp%2Fv2%2Fmedia&parent=3108"}],"wp:term":[{"taxonomy":"category","embeddable":true,"href":"https:\/\/noticiasregionais.com.br\/index.php?rest_route=%2Fwp%2Fv2%2Fcategories&post=3108"},{"taxonomy":"post_tag","embeddable":true,"href":"https:\/\/noticiasregionais.com.br\/index.php?rest_route=%2Fwp%2Fv2%2Ftags&post=3108"}],"curies":[{"name":"wp","href":"https:\/\/api.w.org\/{rel}","templated":true}]}}