{"id":3111,"date":"2024-06-03T19:21:48","date_gmt":"2024-06-03T22:21:48","guid":{"rendered":"https:\/\/noticiasregionais.com.br\/?p=3111"},"modified":"2024-06-03T19:21:51","modified_gmt":"2024-06-03T22:21:51","slug":"acidente-de-transito-na-br-369-em-cornelio-procopio-deixa-uma-pessoa-gravemente-ferida","status":"publish","type":"post","link":"https:\/\/noticiasregionais.com.br\/?p=3111","title":{"rendered":"Acidente de Tr\u00e2nsito na BR-369 em Corn\u00e9lio Proc\u00f3pio deixa uma pessoa gravemente ferida"},"content":{"rendered":"\n<p>Um grave acidente de tr\u00e2nsito envolvendo dois autom\u00f3veis foi atendido pela Pol\u00edcia Rodovi\u00e1ria Federal (PRF) na manh\u00e3 desta segunda-feira (03\/06\/2024) na BR-369, no munic\u00edpio de Corn\u00e9lio Proc\u00f3pio, Paran\u00e1.<\/p>\n\n\n\n<p>O acidente aconteceu por volta das 9h30 no km 89 da rodovia. Um ve\u00edculo GM Corsa, com placas de Corn\u00e9lio Proc\u00f3pio, invadiu a pista contr\u00e1ria e colidiu frontalmente com um VW Gol, com placas de S\u00e3o Paulo.<\/p>\n\n\n\n<p>Com o impacto da colis\u00e3o, o Corsa incendiou-se. O fogo foi controlado pelo Corpo de Bombeiros Militar.<\/p>\n\n\n\n<p>O condutor do Corsa, um jovem de 21 anos, sofreu apenas les\u00f5es leves e foi encaminhado para o Hospital Santa Casa em Corn\u00e9lio Proc\u00f3pio. J\u00e1 a condutora do Gol, uma mulher de 54 anos, ficou gravemente ferida e tamb\u00e9m foi levada para o mesmo hospital.<\/p>\n\n\n\n<p>A PRF interditou o tr\u00e2nsito no local para o atendimento m\u00e9dico e a limpeza da pista. A corpora\u00e7\u00e3o tamb\u00e9m ir\u00e1 confeccionar o Laudo Pericial de Acidente de Tr\u00e2nsito (LPAT) para investigar as causas do acidente.<\/p>\n<input type=\"hidden\" id=\"baseurl\" value=\"https:\/\/noticiasregionais.com.br\"><input type=\"hidden\" id=\"audio_nonce\" value=\"533fbb67b1\">","protected":false},"excerpt":{"rendered":"<p>Um grave acidente de tr\u00e2nsito envolvendo dois autom\u00f3veis foi atendido pela Pol\u00edcia Rodovi\u00e1ria Federal (PRF) na manh\u00e3 desta segunda-feira (03\/06\/2024)&hellip;<\/p>\n","protected":false},"author":1,"featured_media":3112,"comment_status":"closed","ping_status":"open","sticky":false,"template":"","format":"standard","meta":{"sfsi_plus_gutenberg_text_before_share":"","sfsi_plus_gutenberg_show_text_before_share":"","sfsi_plus_gutenberg_icon_type":"","sfsi_plus_gutenberg_icon_alignemt":"","sfsi_plus_gutenburg_max_per_row":"","footnotes":""},"categories":[7,10,1],"tags":[],"class_list":["post-3111","post","type-post","status-publish","format-standard","has-post-thumbnail","hentry","category-parana","category-destaques","category-noticias"],"_links":{"self":[{"href":"https:\/\/noticiasregionais.com.br\/index.php?rest_route=\/wp\/v2\/posts\/3111","targetHints":{"allow":["GET"]}}],"collection":[{"href":"https:\/\/noticiasregionais.com.br\/index.php?rest_route=\/wp\/v2\/posts"}],"about":[{"href":"https:\/\/noticiasregionais.com.br\/index.php?rest_route=\/wp\/v2\/types\/post"}],"author":[{"embeddable":true,"href":"https:\/\/noticiasregionais.com.br\/index.php?rest_route=\/wp\/v2\/users\/1"}],"replies":[{"embeddable":true,"href":"https:\/\/noticiasregionais.com.br\/index.php?rest_route=%2Fwp%2Fv2%2Fcomments&post=3111"}],"version-history":[{"count":1,"href":"https:\/\/noticiasregionais.com.br\/index.php?rest_route=\/wp\/v2\/posts\/3111\/revisions"}],"predecessor-version":[{"id":3113,"href":"https:\/\/noticiasregionais.com.br\/index.php?rest_route=\/wp\/v2\/posts\/3111\/revisions\/3113"}],"wp:featuredmedia":[{"embeddable":true,"href":"https:\/\/noticiasregionais.com.br\/index.php?rest_route=\/wp\/v2\/media\/3112"}],"wp:attachment":[{"href":"https:\/\/noticiasregionais.com.br\/index.php?rest_route=%2Fwp%2Fv2%2Fmedia&parent=3111"}],"wp:term":[{"taxonomy":"category","embeddable":true,"href":"https:\/\/noticiasregionais.com.br\/index.php?rest_route=%2Fwp%2Fv2%2Fcategories&post=3111"},{"taxonomy":"post_tag","embeddable":true,"href":"https:\/\/noticiasregionais.com.br\/index.php?rest_route=%2Fwp%2Fv2%2Ftags&post=3111"}],"curies":[{"name":"wp","href":"https:\/\/api.w.org\/{rel}","templated":true}]}}