{"id":3114,"date":"2024-06-03T21:00:18","date_gmt":"2024-06-04T00:00:18","guid":{"rendered":"https:\/\/noticiasregionais.com.br\/?p=3114"},"modified":"2024-06-03T21:00:30","modified_gmt":"2024-06-04T00:00:30","slug":"prf-registra-reducao-de-mortes-no-feriado-de-corpus-christi-em-sao-paulo","status":"publish","type":"post","link":"https:\/\/noticiasregionais.com.br\/?p=3114","title":{"rendered":"PRF registra redu\u00e7\u00e3o de mortes no feriado de Corpus Christi em S\u00e3o Paulo"},"content":{"rendered":"\n<p class=\"has-text-align-center\"><strong>Com 2 mortes, houve uma redu\u00e7\u00e3o de 33% em compara\u00e7\u00e3o com 2023.<\/strong><\/p>\n\n\n\n<p>&nbsp;A Pol\u00edcia Rodovi\u00e1ria Federal (PRF) registrou uma redu\u00e7\u00e3o de 33% de \u00f3bitos em sinistros de tr\u00e2nsito nas rodovias federais paulistas neste feriado de Corpus Christi, em compara\u00e7\u00e3o com o mesmo feriado em 2023. O per\u00edodo de levantamento se estendeu da quarta (29) at\u00e9 a \u00faltima hora do domingo (2) e encerrou com duas mortes em sinistros de tr\u00e2nsito, contra tr\u00eas registros ano passado.<\/p>\n\n\n\n<p>Na Opera\u00e7\u00e3o Corpus Christi deste ano, a PRF direcionou esfor\u00e7os priorit\u00e1rios para coibir os dois comportamentos de maior risco nas rodovias: ultrapassagens proibidas e excesso de velocidade.<\/p>\n\n\n\n<p><strong>Fiscaliza\u00e7\u00e3o e Sinistros<\/strong><\/p>\n\n\n\n<p>Nos cinco dias de opera\u00e7\u00e3o Corpus Christi foram registrados 62 sinistros, os quais resultaram em 64 pessoas feridas. Desses, 15 com ferimentos graves, sendo, 2 mortos.&nbsp;<\/p>\n\n\n\n<p>Somente nesses 5 dias foram flagrados cerca de 2.500 motoristas dirigindo com excesso de velocidade e 253 ultrapassagens em locais proibidos. Mais de 740 pessoas foram atingidas com campanhas educativas. Al\u00e9m de cerca de 6 mil ve\u00edculos fiscalizados, 2.166 testes de etil\u00f4metro realizados e 148 pessoas flagradas sem utilizar o cinto de seguran\u00e7a.<\/p>\n\n\n\n<p>A\u00e7\u00f5es que demonstram o empenho da PRF em diminuir os sinistros e mortes no tr\u00e2nsito, apesar de tamb\u00e9m evidenciar a persist\u00eancia da imprud\u00eancia de maus condutores.&nbsp;&nbsp;<\/p>\n\n\n\n<p><strong>MAIO AMARELO<\/strong>&nbsp;<\/p>\n\n\n\n<p>Em continuidade \u00e0s a\u00e7\u00f5es do Maio Amarelo, foram realizadas a\u00e7\u00f5es em conjunto com outros \u00f3rg\u00e3os para alertar motoristas, passageiros e pedestres sobre o papel de cada um na constru\u00e7\u00e3o de um tr\u00e2nsito mais seguro e humanizado. E durante as abordagens, os ocupantes do ve\u00edculo receberam informa\u00e7\u00f5es sobre cuidados que preservam vidas e dicas de dire\u00e7\u00e3o defensiva.<\/p>\n<input type=\"hidden\" id=\"baseurl\" value=\"https:\/\/noticiasregionais.com.br\"><input type=\"hidden\" id=\"audio_nonce\" value=\"3cdc555a10\">","protected":false},"excerpt":{"rendered":"<p>Com 2 mortes, houve uma redu\u00e7\u00e3o de 33% em compara\u00e7\u00e3o com 2023. &nbsp;A Pol\u00edcia Rodovi\u00e1ria Federal (PRF) registrou uma redu\u00e7\u00e3o&hellip;<\/p>\n","protected":false},"author":1,"featured_media":3115,"comment_status":"closed","ping_status":"open","sticky":false,"template":"","format":"standard","meta":{"sfsi_plus_gutenberg_text_before_share":"","sfsi_plus_gutenberg_show_text_before_share":"","sfsi_plus_gutenberg_icon_type":"","sfsi_plus_gutenberg_icon_alignemt":"","sfsi_plus_gutenburg_max_per_row":"","footnotes":""},"categories":[6,10,1],"tags":[],"class_list":["post-3114","post","type-post","status-publish","format-standard","has-post-thumbnail","hentry","category-sao_paulo","category-destaques","category-noticias"],"_links":{"self":[{"href":"https:\/\/noticiasregionais.com.br\/index.php?rest_route=\/wp\/v2\/posts\/3114","targetHints":{"allow":["GET"]}}],"collection":[{"href":"https:\/\/noticiasregionais.com.br\/index.php?rest_route=\/wp\/v2\/posts"}],"about":[{"href":"https:\/\/noticiasregionais.com.br\/index.php?rest_route=\/wp\/v2\/types\/post"}],"author":[{"embeddable":true,"href":"https:\/\/noticiasregionais.com.br\/index.php?rest_route=\/wp\/v2\/users\/1"}],"replies":[{"embeddable":true,"href":"https:\/\/noticiasregionais.com.br\/index.php?rest_route=%2Fwp%2Fv2%2Fcomments&post=3114"}],"version-history":[{"count":1,"href":"https:\/\/noticiasregionais.com.br\/index.php?rest_route=\/wp\/v2\/posts\/3114\/revisions"}],"predecessor-version":[{"id":3116,"href":"https:\/\/noticiasregionais.com.br\/index.php?rest_route=\/wp\/v2\/posts\/3114\/revisions\/3116"}],"wp:featuredmedia":[{"embeddable":true,"href":"https:\/\/noticiasregionais.com.br\/index.php?rest_route=\/wp\/v2\/media\/3115"}],"wp:attachment":[{"href":"https:\/\/noticiasregionais.com.br\/index.php?rest_route=%2Fwp%2Fv2%2Fmedia&parent=3114"}],"wp:term":[{"taxonomy":"category","embeddable":true,"href":"https:\/\/noticiasregionais.com.br\/index.php?rest_route=%2Fwp%2Fv2%2Fcategories&post=3114"},{"taxonomy":"post_tag","embeddable":true,"href":"https:\/\/noticiasregionais.com.br\/index.php?rest_route=%2Fwp%2Fv2%2Ftags&post=3114"}],"curies":[{"name":"wp","href":"https:\/\/api.w.org\/{rel}","templated":true}]}}