{"id":3119,"date":"2024-06-04T06:53:19","date_gmt":"2024-06-04T09:53:19","guid":{"rendered":"https:\/\/noticiasregionais.com.br\/?p=3119"},"modified":"2024-06-04T06:53:31","modified_gmt":"2024-06-04T09:53:31","slug":"inflacao-pelo-ipc-s-teve-alta-de-053-em-maio","status":"publish","type":"post","link":"https:\/\/noticiasregionais.com.br\/?p=3119","title":{"rendered":"Infla\u00e7\u00e3o pelo IPC-S teve alta de 0,53% em maio"},"content":{"rendered":"\n<p class=\"has-text-align-center\"><strong>Pesquisa revelou que, nos \u00faltimos 12 meses, a alta chegou a 3,30%, com destaque para cinco das oito classes de despesa<\/strong><\/p>\n\n\n\n<p>Relat\u00f3rio emitido pelo FGV Ibre nesta segunda-feira (3) apontou que o IPC-S da quarta quadrissemana de maio de 2024 subiu 0,53%, chegando a acumular alta de 3,30% nos \u00faltimos 12 meses.<\/p>\n\n\n\n<p>Segundo dados da pesquisa, cinco das oito classes de despesa componentes do \u00edndice registraram acr\u00e9scimo em suas taxas de varia\u00e7\u00e3o, sendo a maior delas a do grupo de Educa\u00e7\u00e3o, Leitura e Recrea\u00e7\u00e3o, que bateu 0,87% nesse per\u00edodo.<\/p>\n\n\n\n<p>Para Alessandro Azzoni, economista e advogado, Bacharel em Ci\u00eancias Econ\u00f4micas pela Faculdade Metropolitanas Unidas (FMU), a partir dos resultados do levantamento, os munic\u00edpios conseguem fazer um acompanhamento da infla\u00e7\u00e3o dentro de suas regi\u00f5es, o que ajuda numa an\u00e1lise mais localizada da economia do pa\u00eds.&nbsp;<\/p>\n\n\n\n<p>&#8220;Isso serve tamb\u00e9m para os dados calculados pelo IPC-S que s\u00e3o utilizados pelos governos para elaborar pol\u00edticas p\u00fablicas de programa de assist\u00eancia social, principalmente no reajuste dos sal\u00e1rios m\u00ednimos e benef\u00edcios de aluguel social. Ent\u00e3o tamb\u00e9m ajuda os munic\u00edpios nesse sentido\u201d, explica.<\/p>\n\n\n\n<p>Os grupos de Habita\u00e7\u00e3o, Alimenta\u00e7\u00e3o, Despesas Diversas e Vestu\u00e1rio tamb\u00e9m apresentaram alta, com destaque para o desempenho das taxas de \u00e1gua e esgoto residencial, que registraram 1,54%, arroz e feij\u00e3o, com -0,15%, conserto de bicicleta, que bateu o,75% e cal\u00e7ados infantis, que registrou -0,36%.&nbsp;<\/p>\n\n\n\n<figure class=\"wp-block-image\"><img decoding=\"async\" src=\"\/\/s3-sa-east-1.amazonaws.com\/agencia-radio-arb\/5784\/content_IPC-S1.JPEG.jpeg\" alt=\"\"\/><\/figure>\n\n\n\n<p>Em contrapartida, os grupos de Transportes, Sa\u00fade e Cuidados Pessoais e o de Comunica\u00e7\u00e3o apresentaram baixa em rela\u00e7\u00e3o \u00e0s demais taxas de varia\u00e7\u00e3o, especialmente a gasolina, que chegou a 1,20%, medicamentos em geral, que bateu 0,10% e tarifa de telefone m\u00f3vel, com &nbsp;0,52%.&nbsp;<\/p>\n\n\n\n<p>Na opini\u00e3o de Roberto Piscitelli, economista e professor de finan\u00e7as p\u00fablicas da UNB, os 0,53% que foram registrados no \u00faltimo levantamento s\u00e3o bem inferiores \u00e0 expectativa de infla\u00e7\u00e3o para todo o ano.<\/p>\n\n\n\n<p>&#8220;A expectativa para este ano todo \u00e9 de 3,73%. Alguns grupos apresentaram eleva\u00e7\u00e3o e outros, recuos, o que \u00e9 natural. Nesse m\u00eas, nessa quadrissemana, houve mais eleva\u00e7\u00f5es do que recuos, se a gente considerar cada um desses grupos de produtos e servi\u00e7os\u201d, aponta.<\/p>\n\n\n\n<figure class=\"wp-block-image\"><img decoding=\"async\" src=\"\/\/s3-sa-east-1.amazonaws.com\/agencia-radio-arb\/5785\/content_IPC-S2.JPEG.jpeg\" alt=\"\"\/><\/figure>\n\n\n\n<p>A pr\u00f3xima apura\u00e7\u00e3o do IPC-S, com dados coletados at\u00e9 o dia 7 de junho de 2024, &nbsp;ser\u00e1 divulgada no dia 10.<\/p>\n\n\n\n<p>Fonte: <a href=\"https:\/\/brasil61.com\/n\/inflacao-pelo-ipc-s-teve-alta-de-0-53-em-maio-bras2411801\" target=\"_blank\" rel=\"noreferrer noopener\">Brasil 61<\/a><\/p>\n<input type=\"hidden\" id=\"baseurl\" value=\"https:\/\/noticiasregionais.com.br\"><input type=\"hidden\" id=\"audio_nonce\" value=\"533fbb67b1\">","protected":false},"excerpt":{"rendered":"<p>Pesquisa revelou que, nos \u00faltimos 12 meses, a alta chegou a 3,30%, com destaque para cinco das oito classes de&hellip;<\/p>\n","protected":false},"author":1,"featured_media":3120,"comment_status":"closed","ping_status":"open","sticky":false,"template":"","format":"standard","meta":{"sfsi_plus_gutenberg_text_before_share":"","sfsi_plus_gutenberg_show_text_before_share":"","sfsi_plus_gutenberg_icon_type":"","sfsi_plus_gutenberg_icon_alignemt":"","sfsi_plus_gutenburg_max_per_row":"","footnotes":""},"categories":[8,10,1],"tags":[],"class_list":["post-3119","post","type-post","status-publish","format-standard","has-post-thumbnail","hentry","category-brasil","category-destaques","category-noticias"],"_links":{"self":[{"href":"https:\/\/noticiasregionais.com.br\/index.php?rest_route=\/wp\/v2\/posts\/3119","targetHints":{"allow":["GET"]}}],"collection":[{"href":"https:\/\/noticiasregionais.com.br\/index.php?rest_route=\/wp\/v2\/posts"}],"about":[{"href":"https:\/\/noticiasregionais.com.br\/index.php?rest_route=\/wp\/v2\/types\/post"}],"author":[{"embeddable":true,"href":"https:\/\/noticiasregionais.com.br\/index.php?rest_route=\/wp\/v2\/users\/1"}],"replies":[{"embeddable":true,"href":"https:\/\/noticiasregionais.com.br\/index.php?rest_route=%2Fwp%2Fv2%2Fcomments&post=3119"}],"version-history":[{"count":1,"href":"https:\/\/noticiasregionais.com.br\/index.php?rest_route=\/wp\/v2\/posts\/3119\/revisions"}],"predecessor-version":[{"id":3121,"href":"https:\/\/noticiasregionais.com.br\/index.php?rest_route=\/wp\/v2\/posts\/3119\/revisions\/3121"}],"wp:featuredmedia":[{"embeddable":true,"href":"https:\/\/noticiasregionais.com.br\/index.php?rest_route=\/wp\/v2\/media\/3120"}],"wp:attachment":[{"href":"https:\/\/noticiasregionais.com.br\/index.php?rest_route=%2Fwp%2Fv2%2Fmedia&parent=3119"}],"wp:term":[{"taxonomy":"category","embeddable":true,"href":"https:\/\/noticiasregionais.com.br\/index.php?rest_route=%2Fwp%2Fv2%2Fcategories&post=3119"},{"taxonomy":"post_tag","embeddable":true,"href":"https:\/\/noticiasregionais.com.br\/index.php?rest_route=%2Fwp%2Fv2%2Ftags&post=3119"}],"curies":[{"name":"wp","href":"https:\/\/api.w.org\/{rel}","templated":true}]}}