{"id":3122,"date":"2024-06-04T12:59:58","date_gmt":"2024-06-04T15:59:58","guid":{"rendered":"https:\/\/noticiasregionais.com.br\/?p=3122"},"modified":"2024-06-04T13:00:02","modified_gmt":"2024-06-04T16:00:02","slug":"traficante-e-preso-com-drogas-e-dinheiro-em-marilia","status":"publish","type":"post","link":"https:\/\/noticiasregionais.com.br\/?p=3122","title":{"rendered":"Traficante \u00e9 preso com drogas e dinheiro em Mar\u00edlia"},"content":{"rendered":"\n<p>A Pol\u00edcia Militar, por meio da Equipe K9 do 13\u00ba BAEP, prendeu um indiv\u00edduo em flagrante pelo crime de tr\u00e1fico de drogas na manh\u00e3 de ontem as 10h30. A a\u00e7\u00e3o aconteceu durante incurs\u00e3o e varredura com o c\u00e3o farejador PBM MAX na comunidade Argolo Ferr\u00e3o.<\/p>\n\n\n\n<p>Ao avistar a viatura, o suspeito correu carregando dois pacotes. Ap\u00f3s abordagem, foram encontrados 119 microtubos de coca\u00edna (0,233 kg), 17 por\u00e7\u00f5es de maconha (0,192 kg), 66 pinos de crack (0,110 kg), R$ 255,00 em dinheiro e anota\u00e7\u00f5es de vendas de drogas.<\/p>\n\n\n\n<p>O homem foi preso e encaminhado ao Plant\u00e3o Policial de Mar\u00edlia, onde permanece \u00e0 disposi\u00e7\u00e3o da Justi\u00e7a.<\/p>\n<input type=\"hidden\" id=\"baseurl\" value=\"https:\/\/noticiasregionais.com.br\"><input type=\"hidden\" id=\"audio_nonce\" value=\"533fbb67b1\">","protected":false},"excerpt":{"rendered":"<p>A Pol\u00edcia Militar, por meio da Equipe K9 do 13\u00ba BAEP, prendeu um indiv\u00edduo em flagrante pelo crime de tr\u00e1fico&hellip;<\/p>\n","protected":false},"author":1,"featured_media":3123,"comment_status":"closed","ping_status":"open","sticky":false,"template":"","format":"standard","meta":{"sfsi_plus_gutenberg_text_before_share":"","sfsi_plus_gutenberg_show_text_before_share":"","sfsi_plus_gutenberg_icon_type":"","sfsi_plus_gutenberg_icon_alignemt":"","sfsi_plus_gutenburg_max_per_row":"","footnotes":""},"categories":[6,10,1],"tags":[],"class_list":["post-3122","post","type-post","status-publish","format-standard","has-post-thumbnail","hentry","category-sao_paulo","category-destaques","category-noticias"],"_links":{"self":[{"href":"https:\/\/noticiasregionais.com.br\/index.php?rest_route=\/wp\/v2\/posts\/3122","targetHints":{"allow":["GET"]}}],"collection":[{"href":"https:\/\/noticiasregionais.com.br\/index.php?rest_route=\/wp\/v2\/posts"}],"about":[{"href":"https:\/\/noticiasregionais.com.br\/index.php?rest_route=\/wp\/v2\/types\/post"}],"author":[{"embeddable":true,"href":"https:\/\/noticiasregionais.com.br\/index.php?rest_route=\/wp\/v2\/users\/1"}],"replies":[{"embeddable":true,"href":"https:\/\/noticiasregionais.com.br\/index.php?rest_route=%2Fwp%2Fv2%2Fcomments&post=3122"}],"version-history":[{"count":1,"href":"https:\/\/noticiasregionais.com.br\/index.php?rest_route=\/wp\/v2\/posts\/3122\/revisions"}],"predecessor-version":[{"id":3124,"href":"https:\/\/noticiasregionais.com.br\/index.php?rest_route=\/wp\/v2\/posts\/3122\/revisions\/3124"}],"wp:featuredmedia":[{"embeddable":true,"href":"https:\/\/noticiasregionais.com.br\/index.php?rest_route=\/wp\/v2\/media\/3123"}],"wp:attachment":[{"href":"https:\/\/noticiasregionais.com.br\/index.php?rest_route=%2Fwp%2Fv2%2Fmedia&parent=3122"}],"wp:term":[{"taxonomy":"category","embeddable":true,"href":"https:\/\/noticiasregionais.com.br\/index.php?rest_route=%2Fwp%2Fv2%2Fcategories&post=3122"},{"taxonomy":"post_tag","embeddable":true,"href":"https:\/\/noticiasregionais.com.br\/index.php?rest_route=%2Fwp%2Fv2%2Ftags&post=3122"}],"curies":[{"name":"wp","href":"https:\/\/api.w.org\/{rel}","templated":true}]}}