{"id":3125,"date":"2024-06-04T20:04:02","date_gmt":"2024-06-04T23:04:02","guid":{"rendered":"https:\/\/noticiasregionais.com.br\/?p=3125"},"modified":"2024-06-04T20:04:04","modified_gmt":"2024-06-04T23:04:04","slug":"lucas-pocay-caio-lima-e-demais-secretarios-podem-ter-que-devolver-dinheiro-recebido-ilegalmente","status":"publish","type":"post","link":"https:\/\/noticiasregionais.com.br\/?p=3125","title":{"rendered":"Lucas Pocay, Caio Lima e demais secret\u00e1rios podem ter que devolver dinheiro recebido ilegalmente"},"content":{"rendered":"\n<p class=\"has-text-align-center\"><strong>MP imp\u00f4s prazo at\u00e9 o dia 16 de junho para prefeito revogar Lei que aumentou ilegalmente o sal\u00e1rio do primeiro escal\u00e3o de Ourinhos<\/strong><\/p>\n\n\n\n<p>Conforme mat\u00e9ria divulgada inicialmente no site Contratempo.inf a Lei Ordin\u00e1ria n\u00ba 6.709, sancionada em 21 de dezembro de 2021, pode ser alvo de uma A\u00e7\u00e3o Direta de Inconstitucionalidade (ADIN) caso n\u00e3o seja revogada at\u00e9 o dia 16 de junho. A citada lei aumentou supostamente de forma inconstitucional os sal\u00e1rios do prefeito Lucas Pocay, do vice-prefeito Lucas Suzuki e dos secret\u00e1rios municipais causando um preju\u00edzo superior a 2 milh\u00f5es de reais aos cofres p\u00fablicos.<\/p>\n\n\n\n<p>O Minist\u00e9rio P\u00fablico de S\u00e3o Paulo (MP-SP) recomendou a revoga\u00e7\u00e3o da lei ap\u00f3s uma representa\u00e7\u00e3o do Partido Republicanos de Ourinhos. A comiss\u00e3o alega que os dispositivos da lei violam preceitos da Constitui\u00e7\u00e3o Estadual, aplic\u00e1veis aos munic\u00edpios conforme o artigo 144.<\/p>\n\n\n\n<p>A lei, que est\u00e1 em vigor h\u00e1 mais de dois anos, aumentou os sal\u00e1rios do prefeito de R$ 16 mil para R$ 22 mil, do vice-prefeito de R$ 8 mil para R$ 12 mil, e dos secret\u00e1rios municipais de R$ 8 mil para R$ 12 mil (valores aproximados). Segundo a Sub-procuradoria-Geral de Justi\u00e7a Jur\u00eddica \u2013 Controle de Constitucionalidade, o reajuste infringe preceitos das Constitui\u00e7\u00f5es Federal e Estadual.<\/p>\n\n\n\n<p>No dia 27 de maio, o Processo SIS digital n\u00ba 2613.0000449\/2023 analisou a constitucionalidade da Lei n. 6.709\/2021 e de Leis Complementares subsequentes que tratam dos subs\u00eddios de autoridades municipais. O despacho indicou que a inclus\u00e3o da lei na inicial foi evitada devido ao compromisso do prefeito de revogar a lei voluntariamente at\u00e9 16 de junho.<\/p>\n\n\n\n<p>Caso a revoga\u00e7\u00e3o ocorra, os valores recebidos indevidamente dever\u00e3o ser devolvidos ao er\u00e1rio. Se a revoga\u00e7\u00e3o n\u00e3o for efetuada, a Procuradoria Geral de Justi\u00e7a propor\u00e1 uma ADIN. Se revogada e os valores n\u00e3o devolvidos, o Minist\u00e9rio P\u00fablico iniciar\u00e1 uma A\u00e7\u00e3o Civil P\u00fablica.<\/p>\n\n\n\n<p>Desde janeiro de 2022, os valores excedentes recebidos ilegalmente somam:<br>Prefeito: R$ 150.000,00, Vice-Prefeito: R$ 95.000,00 e cada um dos 20 Secret\u00e1rios: R$ 95.000,00<br>Totalizando sem corre\u00e7\u00e3o: R$ 2.150.000,00 a ser devolvido aos cofres municipais.<\/p>\n<input type=\"hidden\" id=\"baseurl\" value=\"https:\/\/noticiasregionais.com.br\"><input type=\"hidden\" id=\"audio_nonce\" value=\"533fbb67b1\">","protected":false},"excerpt":{"rendered":"<p>MP imp\u00f4s prazo at\u00e9 o dia 16 de junho para prefeito revogar Lei que aumentou ilegalmente o sal\u00e1rio do primeiro&hellip;<\/p>\n","protected":false},"author":1,"featured_media":3126,"comment_status":"closed","ping_status":"open","sticky":false,"template":"","format":"standard","meta":{"sfsi_plus_gutenberg_text_before_share":"","sfsi_plus_gutenberg_show_text_before_share":"","sfsi_plus_gutenberg_icon_type":"","sfsi_plus_gutenberg_icon_alignemt":"","sfsi_plus_gutenburg_max_per_row":"","footnotes":""},"categories":[5,12,1],"tags":[],"class_list":["post-3125","post","type-post","status-publish","format-standard","has-post-thumbnail","hentry","category-ourinhos","category-capa","category-noticias"],"_links":{"self":[{"href":"https:\/\/noticiasregionais.com.br\/index.php?rest_route=\/wp\/v2\/posts\/3125","targetHints":{"allow":["GET"]}}],"collection":[{"href":"https:\/\/noticiasregionais.com.br\/index.php?rest_route=\/wp\/v2\/posts"}],"about":[{"href":"https:\/\/noticiasregionais.com.br\/index.php?rest_route=\/wp\/v2\/types\/post"}],"author":[{"embeddable":true,"href":"https:\/\/noticiasregionais.com.br\/index.php?rest_route=\/wp\/v2\/users\/1"}],"replies":[{"embeddable":true,"href":"https:\/\/noticiasregionais.com.br\/index.php?rest_route=%2Fwp%2Fv2%2Fcomments&post=3125"}],"version-history":[{"count":1,"href":"https:\/\/noticiasregionais.com.br\/index.php?rest_route=\/wp\/v2\/posts\/3125\/revisions"}],"predecessor-version":[{"id":3127,"href":"https:\/\/noticiasregionais.com.br\/index.php?rest_route=\/wp\/v2\/posts\/3125\/revisions\/3127"}],"wp:featuredmedia":[{"embeddable":true,"href":"https:\/\/noticiasregionais.com.br\/index.php?rest_route=\/wp\/v2\/media\/3126"}],"wp:attachment":[{"href":"https:\/\/noticiasregionais.com.br\/index.php?rest_route=%2Fwp%2Fv2%2Fmedia&parent=3125"}],"wp:term":[{"taxonomy":"category","embeddable":true,"href":"https:\/\/noticiasregionais.com.br\/index.php?rest_route=%2Fwp%2Fv2%2Fcategories&post=3125"},{"taxonomy":"post_tag","embeddable":true,"href":"https:\/\/noticiasregionais.com.br\/index.php?rest_route=%2Fwp%2Fv2%2Ftags&post=3125"}],"curies":[{"name":"wp","href":"https:\/\/api.w.org\/{rel}","templated":true}]}}