{"id":3128,"date":"2024-06-05T07:12:32","date_gmt":"2024-06-05T10:12:32","guid":{"rendered":"https:\/\/noticiasregionais.com.br\/?p=3128"},"modified":"2024-06-05T07:12:35","modified_gmt":"2024-06-05T10:12:35","slug":"incendio-em-carreta-de-acucar-interdita-trecho-da-br-153-em-santo-antonio-da-platina","status":"publish","type":"post","link":"https:\/\/noticiasregionais.com.br\/?p=3128","title":{"rendered":"Inc\u00eandio em Carreta de A\u00e7\u00facar Interdita Trecho da BR-153 em Santo Ant\u00f4nio da Platina"},"content":{"rendered":"\n<p>Um inc\u00eandio em uma carreta semirreboque carregada de a\u00e7\u00facar causou transtornos no tr\u00e2nsito na BR-153, em Santo Ant\u00f4nio da Platina, na tarde desta ter\u00e7a-feira, dia 4. O incidente ocorreu \u00e0s 12h38, abaixo do viaduto no KM 41, a cerca de 150 metros da Unidade Operacional da Pol\u00edcia Rodovi\u00e1ria Federal (PRF), no trecho entre Jacarezinho.<\/p>\n\n\n\n<p>O condutor do ve\u00edculo, que saiu ileso do acidente, agiu rapidamente ao perceber o in\u00edcio do fogo. Ele parou no acostamento da rodovia e desatrelou o trator do reboque em chamas, evitando uma trag\u00e9dia maior. O inc\u00eandio foi provocado pelo superaquecimento do sistema de freios da carreta.<\/p>\n\n\n\n<p>Equipes do Corpo de Bombeiros foram acionadas e compareceram rapidamente ao local para controlar as chamas. Gra\u00e7as \u00e0 interven\u00e7\u00e3o eficiente dos bombeiros, o fogo foi extinto antes que pudesse se espalhar para outras \u00e1reas ou ve\u00edculos pr\u00f3ximos.<\/p>\n\n\n\n<p>O reboque da carreta, que \u00e9 um ve\u00edculo independente usado para transporte de carga quando engatado ao ve\u00edculo motor, possui dois ou mais eixos, o que permite seu equil\u00edbrio pr\u00f3prio. No entanto, neste caso, o superaquecimento dos freios foi suficiente para iniciar o inc\u00eandio na carga de a\u00e7\u00facar.<\/p>\n\n\n\n<p>Para garantir a seguran\u00e7a dos demais motoristas e facilitar o trabalho das equipes de emerg\u00eancia, o fluxo de ve\u00edculos na BR-153 foi desviado pelas al\u00e7as do pontilh\u00e3o no KM 41. Apesar do incidente, n\u00e3o houve feridos e o tr\u00e1fego na rodovia foi restabelecido ap\u00f3s a retirada da carreta incendiada.<\/p>\n\n\n\n<p>Este evento destaca a import\u00e2ncia da manuten\u00e7\u00e3o regular dos sistemas de freio e de outras partes cr\u00edticas dos ve\u00edculos de carga, para evitar situa\u00e7\u00f5es de risco como esta. A PRF e o Corpo de Bombeiros refor\u00e7am a necessidade de aten\u00e7\u00e3o constante por parte dos motoristas de caminh\u00f5es e carretas para prevenir acidentes que podem colocar em risco suas vidas e a de outros usu\u00e1rios das rodovias.<\/p>\n<input type=\"hidden\" id=\"baseurl\" value=\"https:\/\/noticiasregionais.com.br\"><input type=\"hidden\" id=\"audio_nonce\" value=\"533fbb67b1\">","protected":false},"excerpt":{"rendered":"<p>Um inc\u00eandio em uma carreta semirreboque carregada de a\u00e7\u00facar causou transtornos no tr\u00e2nsito na BR-153, em Santo Ant\u00f4nio da Platina,&hellip;<\/p>\n","protected":false},"author":1,"featured_media":3129,"comment_status":"closed","ping_status":"open","sticky":false,"template":"","format":"standard","meta":{"sfsi_plus_gutenberg_text_before_share":"","sfsi_plus_gutenberg_show_text_before_share":"","sfsi_plus_gutenberg_icon_type":"","sfsi_plus_gutenberg_icon_alignemt":"","sfsi_plus_gutenburg_max_per_row":"","footnotes":""},"categories":[7,10,1],"tags":[],"class_list":["post-3128","post","type-post","status-publish","format-standard","has-post-thumbnail","hentry","category-parana","category-destaques","category-noticias"],"_links":{"self":[{"href":"https:\/\/noticiasregionais.com.br\/index.php?rest_route=\/wp\/v2\/posts\/3128","targetHints":{"allow":["GET"]}}],"collection":[{"href":"https:\/\/noticiasregionais.com.br\/index.php?rest_route=\/wp\/v2\/posts"}],"about":[{"href":"https:\/\/noticiasregionais.com.br\/index.php?rest_route=\/wp\/v2\/types\/post"}],"author":[{"embeddable":true,"href":"https:\/\/noticiasregionais.com.br\/index.php?rest_route=\/wp\/v2\/users\/1"}],"replies":[{"embeddable":true,"href":"https:\/\/noticiasregionais.com.br\/index.php?rest_route=%2Fwp%2Fv2%2Fcomments&post=3128"}],"version-history":[{"count":1,"href":"https:\/\/noticiasregionais.com.br\/index.php?rest_route=\/wp\/v2\/posts\/3128\/revisions"}],"predecessor-version":[{"id":3130,"href":"https:\/\/noticiasregionais.com.br\/index.php?rest_route=\/wp\/v2\/posts\/3128\/revisions\/3130"}],"wp:featuredmedia":[{"embeddable":true,"href":"https:\/\/noticiasregionais.com.br\/index.php?rest_route=\/wp\/v2\/media\/3129"}],"wp:attachment":[{"href":"https:\/\/noticiasregionais.com.br\/index.php?rest_route=%2Fwp%2Fv2%2Fmedia&parent=3128"}],"wp:term":[{"taxonomy":"category","embeddable":true,"href":"https:\/\/noticiasregionais.com.br\/index.php?rest_route=%2Fwp%2Fv2%2Fcategories&post=3128"},{"taxonomy":"post_tag","embeddable":true,"href":"https:\/\/noticiasregionais.com.br\/index.php?rest_route=%2Fwp%2Fv2%2Ftags&post=3128"}],"curies":[{"name":"wp","href":"https:\/\/api.w.org\/{rel}","templated":true}]}}