{"id":3133,"date":"2024-06-07T21:39:19","date_gmt":"2024-06-08T00:39:19","guid":{"rendered":"https:\/\/noticiasregionais.com.br\/?p=3133"},"modified":"2024-06-07T21:39:22","modified_gmt":"2024-06-08T00:39:22","slug":"prf-prende-homem-condenado-por-lesao-corporal","status":"publish","type":"post","link":"https:\/\/noticiasregionais.com.br\/?p=3133","title":{"rendered":"PRF prende homem condenado por les\u00e3o corporal"},"content":{"rendered":"\n<p class=\"has-text-align-center\"><strong>Ele dirigia pela BR-153 em Ourinhos quando foi descoberto<\/strong><\/p>\n\n\n\n<p>Uma equipe da Pol\u00edcia Rodovi\u00e1ria Federal prendeu um homem de 47 anos na noite desta quinta-feira (6) por haver mandado de pris\u00e3o em aberto contra ele pelo motivo de les\u00e3o corporal. Ap\u00f3s receber voz de pris\u00e3o, ele foi levado para apresenta\u00e7\u00e3o na Pol\u00edcia Civil em Ourinhos\/SP.<br><br>O flagrante ocorreu quando os policiais, por volta das 16h15, deram ordem de parada ao motorista de uma carreta que passava pelo km 345 da rodovia Transbrasiliana (BR-153). O condutor havia sa\u00eddo de Goi\u00e1s, carregado com soja, com destino ao Paran\u00e1. Durante a fiscaliza\u00e7\u00e3o foi constatado que havia mandado de pris\u00e3o em aberto contra ele emitido pelo Tribunal de Justi\u00e7a do Estado de S\u00e3o Paulo pelo motivo de les\u00e3o corporal.<br><br>O homem foi levado para a Pol\u00edcia Civil em Ourinhos\/SP para provid\u00eancias do cumprimento da pena em regime prisional semiaberto.<\/p>\n<input type=\"hidden\" id=\"baseurl\" value=\"https:\/\/noticiasregionais.com.br\"><input type=\"hidden\" id=\"audio_nonce\" value=\"533fbb67b1\">","protected":false},"excerpt":{"rendered":"<p>Ele dirigia pela BR-153 em Ourinhos quando foi descoberto Uma equipe da Pol\u00edcia Rodovi\u00e1ria Federal prendeu um homem de 47&hellip;<\/p>\n","protected":false},"author":1,"featured_media":3134,"comment_status":"closed","ping_status":"open","sticky":false,"template":"","format":"standard","meta":{"sfsi_plus_gutenberg_text_before_share":"","sfsi_plus_gutenberg_show_text_before_share":"","sfsi_plus_gutenberg_icon_type":"","sfsi_plus_gutenberg_icon_alignemt":"","sfsi_plus_gutenburg_max_per_row":"","footnotes":""},"categories":[5,10,1],"tags":[],"class_list":["post-3133","post","type-post","status-publish","format-standard","has-post-thumbnail","hentry","category-ourinhos","category-destaques","category-noticias"],"_links":{"self":[{"href":"https:\/\/noticiasregionais.com.br\/index.php?rest_route=\/wp\/v2\/posts\/3133","targetHints":{"allow":["GET"]}}],"collection":[{"href":"https:\/\/noticiasregionais.com.br\/index.php?rest_route=\/wp\/v2\/posts"}],"about":[{"href":"https:\/\/noticiasregionais.com.br\/index.php?rest_route=\/wp\/v2\/types\/post"}],"author":[{"embeddable":true,"href":"https:\/\/noticiasregionais.com.br\/index.php?rest_route=\/wp\/v2\/users\/1"}],"replies":[{"embeddable":true,"href":"https:\/\/noticiasregionais.com.br\/index.php?rest_route=%2Fwp%2Fv2%2Fcomments&post=3133"}],"version-history":[{"count":1,"href":"https:\/\/noticiasregionais.com.br\/index.php?rest_route=\/wp\/v2\/posts\/3133\/revisions"}],"predecessor-version":[{"id":3135,"href":"https:\/\/noticiasregionais.com.br\/index.php?rest_route=\/wp\/v2\/posts\/3133\/revisions\/3135"}],"wp:featuredmedia":[{"embeddable":true,"href":"https:\/\/noticiasregionais.com.br\/index.php?rest_route=\/wp\/v2\/media\/3134"}],"wp:attachment":[{"href":"https:\/\/noticiasregionais.com.br\/index.php?rest_route=%2Fwp%2Fv2%2Fmedia&parent=3133"}],"wp:term":[{"taxonomy":"category","embeddable":true,"href":"https:\/\/noticiasregionais.com.br\/index.php?rest_route=%2Fwp%2Fv2%2Fcategories&post=3133"},{"taxonomy":"post_tag","embeddable":true,"href":"https:\/\/noticiasregionais.com.br\/index.php?rest_route=%2Fwp%2Fv2%2Ftags&post=3133"}],"curies":[{"name":"wp","href":"https:\/\/api.w.org\/{rel}","templated":true}]}}