{"id":3136,"date":"2024-06-07T21:43:55","date_gmt":"2024-06-08T00:43:55","guid":{"rendered":"https:\/\/noticiasregionais.com.br\/?p=3136"},"modified":"2024-06-07T21:43:59","modified_gmt":"2024-06-08T00:43:59","slug":"policiamento-rodoviario-prende-individuo-por-trafico-de-drogas-em-florinea-sp","status":"publish","type":"post","link":"https:\/\/noticiasregionais.com.br\/?p=3136","title":{"rendered":"Policiamento Rodovi\u00e1rio Prende Indiv\u00edduo por Tr\u00e1fico de Drogas em Flor\u00ednea\/SP"},"content":{"rendered":"\n<p>Na tarde desta quinta-feira, 06\/06\/2024 as 16:30h policiais militares do Policiamento Rodovi\u00e1rio de Flor\u00ednea\/SP prenderam um indiv\u00edduo por tr\u00e1fico de drogas na Rodovia Miguel Jubran (SP 333). A opera\u00e7\u00e3o ocorreu durante a Opera\u00e7\u00e3o Impacto, ap\u00f3s a pol\u00edcia receber informa\u00e7\u00f5es da Pol\u00edcia do Paran\u00e1 sobre um ve\u00edculo suspeito.<\/p>\n\n\n\n<h3 class=\"wp-block-heading\">Detalhes da Ocorr\u00eancia:<\/h3>\n\n\n\n<p>Os policiais receberam a informa\u00e7\u00e3o de que um ve\u00edculo VW\/Voyage preto havia evadido uma fiscaliza\u00e7\u00e3o no Paran\u00e1 e estava em dire\u00e7\u00e3o \u00e0 base do Policiamento Rodovi\u00e1rio de Flor\u00ednea. Em patrulhamento, o ve\u00edculo foi localizado em um canavial nas proximidades.<\/p>\n\n\n\n<p>Durante a vistoria no ve\u00edculo, foram encontrados 210 tabletes de maconha, totalizando 150,230 kg da droga. O condutor do ve\u00edculo, que possui antecedentes criminais pelos artigos 129 (les\u00e3o corporal), 140 (inj\u00faria) e 147 (amea\u00e7a) do C\u00f3digo Penal Brasileiro, foi detido no local.<\/p>\n\n\n\n<p>A ocorr\u00eancia foi registrada no Plant\u00e3o Policial de Assis\/SP. A droga foi apreendida e o indiv\u00edduo permaneceu preso.<\/p>\n<input type=\"hidden\" id=\"baseurl\" value=\"https:\/\/noticiasregionais.com.br\"><input type=\"hidden\" id=\"audio_nonce\" value=\"533fbb67b1\">","protected":false},"excerpt":{"rendered":"<p>Na tarde desta quinta-feira, 06\/06\/2024 as 16:30h policiais militares do Policiamento Rodovi\u00e1rio de Flor\u00ednea\/SP prenderam um indiv\u00edduo por tr\u00e1fico de&hellip;<\/p>\n","protected":false},"author":1,"featured_media":3137,"comment_status":"closed","ping_status":"open","sticky":false,"template":"","format":"standard","meta":{"sfsi_plus_gutenberg_text_before_share":"","sfsi_plus_gutenberg_show_text_before_share":"","sfsi_plus_gutenberg_icon_type":"","sfsi_plus_gutenberg_icon_alignemt":"","sfsi_plus_gutenburg_max_per_row":"","footnotes":""},"categories":[6,12,1],"tags":[],"class_list":["post-3136","post","type-post","status-publish","format-standard","has-post-thumbnail","hentry","category-sao_paulo","category-capa","category-noticias"],"_links":{"self":[{"href":"https:\/\/noticiasregionais.com.br\/index.php?rest_route=\/wp\/v2\/posts\/3136","targetHints":{"allow":["GET"]}}],"collection":[{"href":"https:\/\/noticiasregionais.com.br\/index.php?rest_route=\/wp\/v2\/posts"}],"about":[{"href":"https:\/\/noticiasregionais.com.br\/index.php?rest_route=\/wp\/v2\/types\/post"}],"author":[{"embeddable":true,"href":"https:\/\/noticiasregionais.com.br\/index.php?rest_route=\/wp\/v2\/users\/1"}],"replies":[{"embeddable":true,"href":"https:\/\/noticiasregionais.com.br\/index.php?rest_route=%2Fwp%2Fv2%2Fcomments&post=3136"}],"version-history":[{"count":1,"href":"https:\/\/noticiasregionais.com.br\/index.php?rest_route=\/wp\/v2\/posts\/3136\/revisions"}],"predecessor-version":[{"id":3138,"href":"https:\/\/noticiasregionais.com.br\/index.php?rest_route=\/wp\/v2\/posts\/3136\/revisions\/3138"}],"wp:featuredmedia":[{"embeddable":true,"href":"https:\/\/noticiasregionais.com.br\/index.php?rest_route=\/wp\/v2\/media\/3137"}],"wp:attachment":[{"href":"https:\/\/noticiasregionais.com.br\/index.php?rest_route=%2Fwp%2Fv2%2Fmedia&parent=3136"}],"wp:term":[{"taxonomy":"category","embeddable":true,"href":"https:\/\/noticiasregionais.com.br\/index.php?rest_route=%2Fwp%2Fv2%2Fcategories&post=3136"},{"taxonomy":"post_tag","embeddable":true,"href":"https:\/\/noticiasregionais.com.br\/index.php?rest_route=%2Fwp%2Fv2%2Ftags&post=3136"}],"curies":[{"name":"wp","href":"https:\/\/api.w.org\/{rel}","templated":true}]}}