{"id":3143,"date":"2024-06-07T22:00:32","date_gmt":"2024-06-08T01:00:32","guid":{"rendered":"https:\/\/noticiasregionais.com.br\/?p=3143"},"modified":"2024-06-07T22:00:35","modified_gmt":"2024-06-08T01:00:35","slug":"producao-de-veiculos-no-brasil-cai-quase-30-em-maio","status":"publish","type":"post","link":"https:\/\/noticiasregionais.com.br\/?p=3143","title":{"rendered":"Produ\u00e7\u00e3o de Ve\u00edculos no Brasil Cai Quase 30% em Maio"},"content":{"rendered":"\n<p>A produ\u00e7\u00e3o de ve\u00edculos no Brasil registrou uma queda significativa em maio, com um total de 166,7 mil unidades, uma redu\u00e7\u00e3o de 26,8% em compara\u00e7\u00e3o ao mesmo m\u00eas do ano passado, e de 24,9% em rela\u00e7\u00e3o a abril deste ano. No acumulado de 2024, houve uma queda de 1,7% em compara\u00e7\u00e3o ao mesmo per\u00edodo de 2023.<\/p>\n\n\n\n<p>Os dados foram divulgados pela Associa\u00e7\u00e3o Nacional dos Fabricantes de Ve\u00edculos Automotores (Anfavea) nesta sexta-feira (7). A produ\u00e7\u00e3o de autom\u00f3veis caiu 26,2% em maio, totalizando 129,2 mil unidades, enquanto a produ\u00e7\u00e3o de comerciais leves despencou 44,4%, com 23,6 mil unidades produzidas.<\/p>\n\n\n\n<p>Por outro lado, a produ\u00e7\u00e3o de caminh\u00f5es aumentou 30% nos primeiros cinco meses do ano, comparado ao mesmo per\u00edodo de 2023, com um aumento de 33,1% apenas em maio. A produ\u00e7\u00e3o de \u00f4nibus tamb\u00e9m teve o melhor resultado desde 2015, com mais de 12 mil unidades.<\/p>\n\n\n\n<h3 class=\"wp-block-heading\">Vendas e Importa\u00e7\u00f5es<\/h3>\n\n\n\n<p>As vendas totais de ve\u00edculos em maio foram de 194,3 mil unidades, 12% a menos que abril, mas 10% a mais que maio de 2023. No acumulado do ano, foram vendidas 929,7 mil unidades, 15% a mais que nos primeiros cinco meses de 2023.<\/p>\n\n\n\n<p>O crescimento das importa\u00e7\u00f5es, especialmente de modelos el\u00e9tricos e h\u00edbridos de origem chinesa, foi destacado pela Anfavea como uma preocupa\u00e7\u00e3o. De janeiro a maio, foram importadas 159.355 unidades, um aumento de 37,8% em rela\u00e7\u00e3o ao mesmo per\u00edodo de 2023.<\/p>\n\n\n\n<h3 class=\"wp-block-heading\">Exporta\u00e7\u00f5es e Empregos<\/h3>\n\n\n\n<p>As exporta\u00e7\u00f5es de ve\u00edculos continuam em baixa, com 26,8 mil unidades exportadas em maio, uma queda de 41,4% em compara\u00e7\u00e3o ao mesmo m\u00eas do ano passado. No acumulado do ano, as exporta\u00e7\u00f5es ca\u00edram 29,7%.<\/p>\n\n\n\n<p>Em rela\u00e7\u00e3o aos empregos, o n\u00famero de trabalhadores diretos nas f\u00e1bricas de autove\u00edculos atingiu 103.299 em maio, um aumento de 1,3 mil em rela\u00e7\u00e3o a abril e de 3,1 mil em compara\u00e7\u00e3o a maio de 2023. Segundo o presidente da Anfavea, M\u00e1rcio de Lima Leite, isso reflete os investimentos anunciados pelos fabricantes desde o ano passado.<\/p>\n<input type=\"hidden\" id=\"baseurl\" value=\"https:\/\/noticiasregionais.com.br\"><input type=\"hidden\" id=\"audio_nonce\" value=\"533fbb67b1\">","protected":false},"excerpt":{"rendered":"<p>A produ\u00e7\u00e3o de ve\u00edculos no Brasil registrou uma queda significativa em maio, com um total de 166,7 mil unidades, uma&hellip;<\/p>\n","protected":false},"author":1,"featured_media":3144,"comment_status":"closed","ping_status":"open","sticky":false,"template":"","format":"standard","meta":{"sfsi_plus_gutenberg_text_before_share":"","sfsi_plus_gutenberg_show_text_before_share":"","sfsi_plus_gutenberg_icon_type":"","sfsi_plus_gutenberg_icon_alignemt":"","sfsi_plus_gutenburg_max_per_row":"","footnotes":""},"categories":[8,10,1],"tags":[],"class_list":["post-3143","post","type-post","status-publish","format-standard","has-post-thumbnail","hentry","category-brasil","category-destaques","category-noticias"],"_links":{"self":[{"href":"https:\/\/noticiasregionais.com.br\/index.php?rest_route=\/wp\/v2\/posts\/3143","targetHints":{"allow":["GET"]}}],"collection":[{"href":"https:\/\/noticiasregionais.com.br\/index.php?rest_route=\/wp\/v2\/posts"}],"about":[{"href":"https:\/\/noticiasregionais.com.br\/index.php?rest_route=\/wp\/v2\/types\/post"}],"author":[{"embeddable":true,"href":"https:\/\/noticiasregionais.com.br\/index.php?rest_route=\/wp\/v2\/users\/1"}],"replies":[{"embeddable":true,"href":"https:\/\/noticiasregionais.com.br\/index.php?rest_route=%2Fwp%2Fv2%2Fcomments&post=3143"}],"version-history":[{"count":1,"href":"https:\/\/noticiasregionais.com.br\/index.php?rest_route=\/wp\/v2\/posts\/3143\/revisions"}],"predecessor-version":[{"id":3145,"href":"https:\/\/noticiasregionais.com.br\/index.php?rest_route=\/wp\/v2\/posts\/3143\/revisions\/3145"}],"wp:featuredmedia":[{"embeddable":true,"href":"https:\/\/noticiasregionais.com.br\/index.php?rest_route=\/wp\/v2\/media\/3144"}],"wp:attachment":[{"href":"https:\/\/noticiasregionais.com.br\/index.php?rest_route=%2Fwp%2Fv2%2Fmedia&parent=3143"}],"wp:term":[{"taxonomy":"category","embeddable":true,"href":"https:\/\/noticiasregionais.com.br\/index.php?rest_route=%2Fwp%2Fv2%2Fcategories&post=3143"},{"taxonomy":"post_tag","embeddable":true,"href":"https:\/\/noticiasregionais.com.br\/index.php?rest_route=%2Fwp%2Fv2%2Ftags&post=3143"}],"curies":[{"name":"wp","href":"https:\/\/api.w.org\/{rel}","templated":true}]}}