{"id":3146,"date":"2024-06-10T07:29:26","date_gmt":"2024-06-10T10:29:26","guid":{"rendered":"https:\/\/noticiasregionais.com.br\/?p=3146"},"modified":"2024-06-11T07:51:06","modified_gmt":"2024-06-11T10:51:06","slug":"dolar-inicia-a-semana-em-alta-recorde-no-brasil","status":"publish","type":"post","link":"https:\/\/noticiasregionais.com.br\/?p=3146","title":{"rendered":"D\u00f3lar inicia a semana em alta recorde no Brasil"},"content":{"rendered":"\n<p class=\"has-text-align-center\"><strong>O real se desvalorizou com dados sobre o emprego nos Estados Unidos<\/strong><\/p>\n\n\n\n<p>No fim da \u00faltima semana, o real desvalorizou fortemente frente ao d\u00f3lar e atingiu o seu maior valor recorde em um ano e meio, ultrapassando a marca de R$ 5,30. Esse valor n\u00e3o era visto desde janeiro de 2023. Hoje, a moeda inicia a semana a R$ 5,35, para o seu valor comercial. Para turismo, os valores s\u00e3o ainda maiores. O euro tamb\u00e9m seguiu a tend\u00eancia altista e custa R$ 5,77. &nbsp;<\/p>\n\n\n\n<p>No cen\u00e1rio externo, a raz\u00e3o para esse movimento foi a divulga\u00e7\u00e3o de dados sobre o mercado de trabalho nos Estados Unidos. De acordo com o payroll, do departamento de estat\u00edstica dos Estados Unidos, o pa\u00eds criou 272 mil novas vagas de emprego em maio &#8211; o que representa uma acelera\u00e7\u00e3o comparada a abril. O bom desempenho da economia no m\u00eas leva os investidores a precificar uma queda de juros mais distante. Ou seja, maiores rendimentos em t\u00edtulos p\u00fablicos considerados seguros, pelo mercado, influenciam a sa\u00edda de capitais de pa\u00edses emergentes, como o Brasil. O movimento de sa\u00edda de capitais foi tamb\u00e9m sentido pela bolsa de valores brasileira.&nbsp;<\/p>\n\n\n\n<p>No Brasil, a divulga\u00e7\u00e3o de uma suposta fala do Ministro da Fazenda, Fernando Haddad, tamb\u00e9m refor\u00e7ou o resultado do dia. Em agenda em S\u00e3o Paulo na sexta-feira (7) com representantes do mercado financeiro, circulou entre os agentes um poss\u00edvel contingenciamento de gastos em julho e mudan\u00e7as no arcabou\u00e7o fiscal, acirrando a tens\u00e3o no mercado. Em seguida, o ministro classificou a divulga\u00e7\u00e3o como \u201cirrespons\u00e1vel\u201d e desmentiu a informa\u00e7\u00e3o.&nbsp;<\/p>\n\n\n\n<p>Na \u00faltima semana, o resultado do Produto Interno Bruto (PIB) brasileiro para o primeiro trimestre de 2024 foi compreendido, por parte do mercado, como fraco e corroborou para a escalada do d\u00f3lar.&nbsp;<\/p>\n\n\n\n<p>As cota\u00e7\u00f5es s\u00e3o da companhia <a href=\"https:\/\/www.google.com\/intl\/en-BR\/googlefinance\/disclaimer\/\" target=\"_blank\" rel=\"noopener\">Morningstar<\/a>.&nbsp;<br>&nbsp;<\/p>\n\n\n\n<p>Fonte: <a href=\"https:\/\/brasil61.com\/n\/dolar-inicia-a-semana-em-alta-recorde-no-brasil-bras2411840\" target=\"_blank\" rel=\"noreferrer noopener\">Brasil 61<\/a><\/p>\n<input type=\"hidden\" id=\"baseurl\" value=\"https:\/\/noticiasregionais.com.br\"><input type=\"hidden\" id=\"audio_nonce\" value=\"533fbb67b1\">","protected":false},"excerpt":{"rendered":"<p>O real se desvalorizou com dados sobre o emprego nos Estados Unidos No fim da \u00faltima semana, o real desvalorizou&hellip;<\/p>\n","protected":false},"author":1,"featured_media":3147,"comment_status":"closed","ping_status":"open","sticky":false,"template":"","format":"standard","meta":{"sfsi_plus_gutenberg_text_before_share":"","sfsi_plus_gutenberg_show_text_before_share":"","sfsi_plus_gutenberg_icon_type":"","sfsi_plus_gutenberg_icon_alignemt":"","sfsi_plus_gutenburg_max_per_row":"","footnotes":""},"categories":[8,1],"tags":[],"class_list":["post-3146","post","type-post","status-publish","format-standard","has-post-thumbnail","hentry","category-brasil","category-noticias"],"_links":{"self":[{"href":"https:\/\/noticiasregionais.com.br\/index.php?rest_route=\/wp\/v2\/posts\/3146","targetHints":{"allow":["GET"]}}],"collection":[{"href":"https:\/\/noticiasregionais.com.br\/index.php?rest_route=\/wp\/v2\/posts"}],"about":[{"href":"https:\/\/noticiasregionais.com.br\/index.php?rest_route=\/wp\/v2\/types\/post"}],"author":[{"embeddable":true,"href":"https:\/\/noticiasregionais.com.br\/index.php?rest_route=\/wp\/v2\/users\/1"}],"replies":[{"embeddable":true,"href":"https:\/\/noticiasregionais.com.br\/index.php?rest_route=%2Fwp%2Fv2%2Fcomments&post=3146"}],"version-history":[{"count":1,"href":"https:\/\/noticiasregionais.com.br\/index.php?rest_route=\/wp\/v2\/posts\/3146\/revisions"}],"predecessor-version":[{"id":3148,"href":"https:\/\/noticiasregionais.com.br\/index.php?rest_route=\/wp\/v2\/posts\/3146\/revisions\/3148"}],"wp:featuredmedia":[{"embeddable":true,"href":"https:\/\/noticiasregionais.com.br\/index.php?rest_route=\/wp\/v2\/media\/3147"}],"wp:attachment":[{"href":"https:\/\/noticiasregionais.com.br\/index.php?rest_route=%2Fwp%2Fv2%2Fmedia&parent=3146"}],"wp:term":[{"taxonomy":"category","embeddable":true,"href":"https:\/\/noticiasregionais.com.br\/index.php?rest_route=%2Fwp%2Fv2%2Fcategories&post=3146"},{"taxonomy":"post_tag","embeddable":true,"href":"https:\/\/noticiasregionais.com.br\/index.php?rest_route=%2Fwp%2Fv2%2Ftags&post=3146"}],"curies":[{"name":"wp","href":"https:\/\/api.w.org\/{rel}","templated":true}]}}