{"id":3150,"date":"2024-06-10T07:38:39","date_gmt":"2024-06-10T10:38:39","guid":{"rendered":"https:\/\/noticiasregionais.com.br\/?p=3150"},"modified":"2024-06-10T07:38:42","modified_gmt":"2024-06-10T10:38:42","slug":"policiamento-rodoviario-prende-individuo-por-trafico-de-droga-em-assis-sp","status":"publish","type":"post","link":"https:\/\/noticiasregionais.com.br\/?p=3150","title":{"rendered":"Policiamento rodovi\u00e1rio prende indiv\u00edduo por tr\u00e1fico de droga em Assis\/SP"},"content":{"rendered":"\n<p>Na manh\u00e3 deste Domingo (9), uma opera\u00e7\u00e3o de fiscaliza\u00e7\u00e3o rotineira do Policiamento Rodovi\u00e1rio na Rodovia Raposo Tavares, km 445, em Assis\/SP, resultou na pris\u00e3o de um indiv\u00edduo por tr\u00e1fico de drogas. A a\u00e7\u00e3o faz parte da Opera\u00e7\u00e3o &#8220;Impacto&#8221;, que visa refor\u00e7ar a seguran\u00e7a nas estradas e combater o crime.<\/p>\n\n\n\n<p>Durante a abordagem a um \u00f4nibus de linha interestadual, a equipe de policiais realizou uma vistoria minuciosa no ve\u00edculo. No bagageiro, foram encontradas duas malas com fundo falso, contendo quatro inv\u00f3lucros de coca\u00edna, totalizando 4,5 kg da subst\u00e2ncia. As malas pertenciam ao passageiro da poltrona n\u00ba 33, que j\u00e1 possui antecedentes criminais.<\/p>\n\n\n\n<p>A droga e o indiv\u00edduo foram encaminhados \u00e0 Central de Pol\u00edcia Judici\u00e1ria (CPJ) de Assis\/SP, onde a droga foi apreendida e o passageiro permaneceu preso, aguardando os procedimentos legais.<\/p>\n\n\n\n<p>Esta a\u00e7\u00e3o refor\u00e7a o compromisso da Pol\u00edcia Militar com a seguran\u00e7a p\u00fablica e o combate ao tr\u00e1fico de drogas, caminhando para os 200 anos de sua exist\u00eancia com o lema: &#8220;Vamos todos juntos. Ningu\u00e9m fica para tr\u00e1s.&#8221;<\/p>\n<input type=\"hidden\" id=\"baseurl\" value=\"https:\/\/noticiasregionais.com.br\"><input type=\"hidden\" id=\"audio_nonce\" value=\"533fbb67b1\">","protected":false},"excerpt":{"rendered":"<p>Na manh\u00e3 deste Domingo (9), uma opera\u00e7\u00e3o de fiscaliza\u00e7\u00e3o rotineira do Policiamento Rodovi\u00e1rio na Rodovia Raposo Tavares, km 445, em&hellip;<\/p>\n","protected":false},"author":1,"featured_media":3151,"comment_status":"closed","ping_status":"open","sticky":false,"template":"","format":"standard","meta":{"sfsi_plus_gutenberg_text_before_share":"","sfsi_plus_gutenberg_show_text_before_share":"","sfsi_plus_gutenberg_icon_type":"","sfsi_plus_gutenberg_icon_alignemt":"","sfsi_plus_gutenburg_max_per_row":"","footnotes":""},"categories":[6,12,1],"tags":[],"class_list":["post-3150","post","type-post","status-publish","format-standard","has-post-thumbnail","hentry","category-sao_paulo","category-capa","category-noticias"],"_links":{"self":[{"href":"https:\/\/noticiasregionais.com.br\/index.php?rest_route=\/wp\/v2\/posts\/3150","targetHints":{"allow":["GET"]}}],"collection":[{"href":"https:\/\/noticiasregionais.com.br\/index.php?rest_route=\/wp\/v2\/posts"}],"about":[{"href":"https:\/\/noticiasregionais.com.br\/index.php?rest_route=\/wp\/v2\/types\/post"}],"author":[{"embeddable":true,"href":"https:\/\/noticiasregionais.com.br\/index.php?rest_route=\/wp\/v2\/users\/1"}],"replies":[{"embeddable":true,"href":"https:\/\/noticiasregionais.com.br\/index.php?rest_route=%2Fwp%2Fv2%2Fcomments&post=3150"}],"version-history":[{"count":1,"href":"https:\/\/noticiasregionais.com.br\/index.php?rest_route=\/wp\/v2\/posts\/3150\/revisions"}],"predecessor-version":[{"id":3152,"href":"https:\/\/noticiasregionais.com.br\/index.php?rest_route=\/wp\/v2\/posts\/3150\/revisions\/3152"}],"wp:featuredmedia":[{"embeddable":true,"href":"https:\/\/noticiasregionais.com.br\/index.php?rest_route=\/wp\/v2\/media\/3151"}],"wp:attachment":[{"href":"https:\/\/noticiasregionais.com.br\/index.php?rest_route=%2Fwp%2Fv2%2Fmedia&parent=3150"}],"wp:term":[{"taxonomy":"category","embeddable":true,"href":"https:\/\/noticiasregionais.com.br\/index.php?rest_route=%2Fwp%2Fv2%2Fcategories&post=3150"},{"taxonomy":"post_tag","embeddable":true,"href":"https:\/\/noticiasregionais.com.br\/index.php?rest_route=%2Fwp%2Fv2%2Ftags&post=3150"}],"curies":[{"name":"wp","href":"https:\/\/api.w.org\/{rel}","templated":true}]}}