{"id":3153,"date":"2024-06-11T07:45:53","date_gmt":"2024-06-11T10:45:53","guid":{"rendered":"https:\/\/noticiasregionais.com.br\/?p=3153"},"modified":"2024-06-11T19:27:40","modified_gmt":"2024-06-11T22:27:40","slug":"inmet-junho-tera-temperaturas-acima-da-media-em-grande-parte-do-pais","status":"publish","type":"post","link":"https:\/\/noticiasregionais.com.br\/?p=3153","title":{"rendered":"Inmet: junho ter\u00e1 temperaturas acima da m\u00e9dia em grande parte do pa\u00eds"},"content":{"rendered":"\n<p class=\"has-text-align-center\"><strong>Previs\u00e3o do Inmet indica temperaturas acima da m\u00e9dia na maior parte do pa\u00eds e chuvas concentradas no norte da Regi\u00e3o Norte, leste das regi\u00f5es Nordeste e Sul. Com antecipa\u00e7\u00e3o da seca, especialistas alertam cen\u00e1rio ruim para a pr\u00f3xima safra<\/strong><\/p>\n\n\n\n<p>A&nbsp;<a href=\"https:\/\/portal.inmet.gov.br\/noticias\/junho-como-ser%C3%A1-o-clima-no-brasil-2\" target=\"_blank\" rel=\"noreferrer noopener\">previs\u00e3o do Instituto Nacional de Meteorologia (Inmet)<\/a> para o m\u00eas de junho indica temperaturas acima da m\u00e9dia em grande parte do pa\u00eds e chuvas concentradas no norte da Regi\u00e3o Norte, leste das regi\u00f5es Nordeste e Sul.<\/p>\n\n\n\n<p>J\u00e1 nas regi\u00f5es Centro-Oeste e Sudeste, bem como no sul da Regi\u00e3o Norte, interior da Regi\u00e3o Nordeste e oeste da Regi\u00e3o Sul, s\u00e3o previstas chuvas pr\u00f3ximas e abaixo da m\u00e9dia climatol\u00f3gica.<\/p>\n\n\n\n<p>Junho \u00e9 um per\u00edodo normalmente seco \u2013 em especial, nas regi\u00f5es Sudeste e Centro-Oeste. Por\u00e9m, segundo o agrometeorologista e pesquisador da Embrapa Pecu\u00e1ria Sudeste, Jos\u00e9 Ricardo Pezzopane, o per\u00edodo de seca em 2024 foi antecipado com falta de chuvas desde o m\u00eas de abril.<\/p>\n\n\n\n<p>Com as previs\u00f5es para junho, o especialista aponta que pode haver um agravamento da situa\u00e7\u00e3o de escassez h\u00eddrica.&nbsp;<\/p>\n\n\n\n<p>\u201cAs lavouras de segunda safra j\u00e1 est\u00e3o com produ\u00e7\u00e3o aqu\u00e9m do esperado e essa falta de \u00e1gua s\u00f3 vem agravar uma situa\u00e7\u00e3o. De fato, as previs\u00f5es de junho, que j\u00e1 \u00e9 uma \u00e9poca que chove pouco, s\u00e3o&nbsp;para chover menos ainda. Ent\u00e3o as previs\u00f5es de junho, de fato, s\u00e3o desanimadoras nesse aspecto\u201d, avalia Pezzopane.&nbsp;<\/p>\n\n\n\n<p>O especialista menciona que o cen\u00e1rio \u00e9 um sinal para o que pode ocorrer nos pr\u00f3ximos meses. \u201cAl\u00e9m de um problema imediato de agora, isso \u00e9 um alerta para o que vai acontecer em agosto, setembro, quer dizer, isso s\u00f3 vai agravar uma situa\u00e7\u00e3o que j\u00e1 n\u00e3o est\u00e1 boa.\u201d&nbsp;<\/p>\n\n\n\n<p>Em rela\u00e7\u00e3o \u00e0s pastagens, Pezzopane destaca que a escassez de alimentos no pasto para os bovinos pode piorar a partir de junho. \u201cIsso geralmente acontece em agosto, setembro. Este ano, por causa dessa escassez de chuvas desde abril nessas regi\u00f5es, isso come\u00e7a a agravar&nbsp;j\u00e1 em junho.\u201d<\/p>\n\n\n\n<h2 class=\"wp-block-heading\">Cen\u00e1rio ruim para a pr\u00f3xima safra<\/h2>\n\n\n\n<p>Para o Brasil 61, o pesquisador da Embrapa Milho e Sorgo, Daniel Guimar\u00e3es, gerou mapas de clima durante a safra de milho,&nbsp;avaliou as an\u00e1lises dispon\u00edveis no momento e viu as previs\u00f5es de tempo (at\u00e9 15 dias) e clima (pr\u00f3ximos meses). Segundo ele, o cen\u00e1rio para a pr\u00f3xima safra brasileira \u00e9 ruim.<\/p>\n\n\n\n<p>\u201cOs principais modelos globais de previs\u00e3o de clima est\u00e3o indicando que at\u00e9 o in\u00edcio da pr\u00f3xima safra o Brasil ter\u00e1 chuvas abaixo da m\u00e9dia e altas temperaturas, mesmo sob os efeitos do fen\u00f4meno La Ni\u00f1a, ou seja, os cen\u00e1rios atuais s\u00e3o p\u00e9ssimos para a pr\u00f3xima safra agr\u00edcola brasileira\u201d, afirma Daniel Guimar\u00e3es.<\/p>\n\n\n\n<p>O esquema abaixo foi feito&nbsp;por Guimar\u00e3es e mostra as chuvas no Brasil durante as fases de crescimento vegetativo, florescimento e matura\u00e7\u00e3o do milho em 2024.&nbsp;<\/p>\n\n\n\n<h2 class=\"wp-block-heading\">Temperatura<\/h2>\n\n\n\n<p>As temperaturas elevadas tamb\u00e9m podem agravar o cen\u00e1rio da produ\u00e7\u00e3o agropecu\u00e1ria brasileira. A previs\u00e3o do Inmet indica que a temperatura dever\u00e1 ser acima da m\u00e9dia em todo o pa\u00eds, principalmente na por\u00e7\u00e3o central, em decorr\u00eancia da redu\u00e7\u00e3o das chuvas \u2013 com possibilidade de ocorrerem alguns dias de excesso de calor em algumas \u00e1reas.<\/p>\n\n\n\n<p>O agrometeorologista Jos\u00e9 Ricardo Pezzopane aponta que a falta d\u2019\u00e1gua no solo, aliada a altas temperaturas, pode ocasionar problemas como o aumento do risco de inc\u00eandios nas \u00e1reas rurais.&nbsp;<\/p>\n\n\n\n<p>Segundo o pesquisador da Embrapa Caf\u00e9, Andr\u00e9 Dominghetti, as previs\u00f5es do Inmet para as lavouras de caf\u00e9, j\u00e1 em cultivo, est\u00e3o dentro da normalidade, principalmente em rela\u00e7\u00e3o \u00e0 precipita\u00e7\u00e3o pluvial. Por\u00e9m, a alta nas temperaturas pode acender um alerta para os produtores.<\/p>\n\n\n\n<p>\u201cEm rela\u00e7\u00e3o \u00e0 temperatura, \u00e9 algo que acaba nos preocupando um pouco mais, porque a temperatura nessa \u00e9poca \u00e9 mais amena, como n\u00f3s temos menos disponibilidade de \u00e1gua no solo, a planta n\u00e3o transpira tanto, a taxa de evapotranspira\u00e7\u00e3o \u00e9 menor\u201d, explica Dominghetti.<\/p>\n\n\n\n<p>\u201cAgora, se a gente tem um volume de chuva menor, mas tem uma temperatura acima da m\u00e9dia, n\u00f3s vamos ter taxas de evapotranspira\u00e7\u00e3o maiores um pouco, ent\u00e3o h\u00e1 uma demanda maior por \u00e1gua e se n\u00e3o tem \u00e1gua no solo, a planta come\u00e7a a sofrer algum estresse em rela\u00e7\u00e3o \u00e0 quest\u00e3o h\u00eddrica\u201d, completa.<\/p>\n\n\n\n<h2 class=\"wp-block-heading\">Milho<\/h2>\n\n\n\n<p>De acordo com o Inmet, as previs\u00f5es podem ter impactos, por exemplo, na safra de gr\u00e3os 2023\/24 para as diferentes regi\u00f5es produtoras. Segundo informa\u00e7\u00f5es do instituto, a previs\u00e3o de chuvas acima da m\u00e9dia na faixa norte e leste da Regi\u00e3o Nordeste continuar\u00e1 beneficiando a semeadura e o in\u00edcio do desenvolvimento do milho e feij\u00e3o terceira safras.<\/p>\n\n\n\n<p>Em contrapartida, em \u00e1reas do Matopiba (regi\u00e3o que engloba \u00e1reas do Maranh\u00e3o, Tocantins, Piau\u00ed e Bahia), a previs\u00e3o \u00e9 de chuvas abaixo da m\u00e9dia \u2013 o que poder\u00e1 reduzir os n\u00edveis de umidade no solo, em especial, nas \u00e1reas dos estados do Piau\u00ed e Bahia. O Inmet indica que o fato pode ocasionar restri\u00e7\u00e3o h\u00eddrica para o milho segunda safra.<\/p>\n\n\n\n<p>O pesquisador da Embrapa Milho e Sorgo, Daniel Guimar\u00e3es, frisa que a segunda safra de milho no Brasil plantada no in\u00edcio de 2024 foi fortemente impactada pela irregularidade das chuvas e resultou perda de 14 milh\u00f5es de toneladas na safra atual em rela\u00e7\u00e3o \u00e0 safra passada. \u201cEsse n\u00famero reflete a principal diferen\u00e7a entre a produ\u00e7\u00e3o de milho na safra 2022\/23 estimada pela CONAB em 102 milh\u00f5es de toneladas e a prevista para essa safra em 86 milh\u00f5es de toneladas.\u201d<\/p>\n\n\n\n<p>Guimar\u00e3es ressalta, ainda, que no momento a grande preocupa\u00e7\u00e3o deve estar voltada para o plantio da pr\u00f3xima safra de gr\u00e3os (2024\/2025) \u201cuma vez que as principais regi\u00f5es produtoras de gr\u00e3os do Brasil est\u00e3o passando por fortes impactos climatol\u00f3gicos\u201d.<\/p>\n\n\n\n<h2 class=\"wp-block-heading\">Recomenda\u00e7\u00f5es&nbsp;<\/h2>\n\n\n\n<p>Confira algumas recomenda\u00e7\u00f5es elaboradas por Daniel Guimar\u00e3es para os produtores rurais enfrentarem o cen\u00e1rio clim\u00e1tico para os pr\u00f3ximos meses no pa\u00eds:<\/p>\n\n\n\n<ul class=\"wp-block-list\">\n<li>Ficar de olho no clima;<\/li>\n\n\n\n<li>Ter aten\u00e7\u00e3o \u00e0 preserva\u00e7\u00e3o do solo, que \u00e9 de f\u00e1cil degrada\u00e7\u00e3o e dif\u00edcil recupera\u00e7\u00e3o;<\/li>\n\n\n\n<li>Evitar a ocorr\u00eancia de queimadas;<\/li>\n\n\n\n<li>Prote\u00e7\u00e3o corporal: manter boa cobertura da pele (manga longa, chap\u00e9u) para evitar os danos causados pela exposi\u00e7\u00e3o solar.\u00a0<br>\u00a0<\/li>\n<\/ul>\n\n\n\n<p>Fonte: <a href=\"https:\/\/brasil61.com\/n\/inmet-junho-tera-temperaturas-acima-da-media-em-grande-parte-do-pais-bras2411847\" target=\"_blank\" rel=\"noreferrer noopener\">Brasil 61<\/a><\/p>\n<input type=\"hidden\" id=\"baseurl\" value=\"https:\/\/noticiasregionais.com.br\"><input type=\"hidden\" id=\"audio_nonce\" value=\"533fbb67b1\">","protected":false},"excerpt":{"rendered":"<p>Previs\u00e3o do Inmet indica temperaturas acima da m\u00e9dia na maior parte do pa\u00eds e chuvas concentradas no norte da Regi\u00e3o&hellip;<\/p>\n","protected":false},"author":1,"featured_media":3154,"comment_status":"closed","ping_status":"open","sticky":false,"template":"","format":"standard","meta":{"sfsi_plus_gutenberg_text_before_share":"","sfsi_plus_gutenberg_show_text_before_share":"","sfsi_plus_gutenberg_icon_type":"","sfsi_plus_gutenberg_icon_alignemt":"","sfsi_plus_gutenburg_max_per_row":"","footnotes":""},"categories":[8,10,1],"tags":[],"class_list":["post-3153","post","type-post","status-publish","format-standard","has-post-thumbnail","hentry","category-brasil","category-destaques","category-noticias"],"_links":{"self":[{"href":"https:\/\/noticiasregionais.com.br\/index.php?rest_route=\/wp\/v2\/posts\/3153","targetHints":{"allow":["GET"]}}],"collection":[{"href":"https:\/\/noticiasregionais.com.br\/index.php?rest_route=\/wp\/v2\/posts"}],"about":[{"href":"https:\/\/noticiasregionais.com.br\/index.php?rest_route=\/wp\/v2\/types\/post"}],"author":[{"embeddable":true,"href":"https:\/\/noticiasregionais.com.br\/index.php?rest_route=\/wp\/v2\/users\/1"}],"replies":[{"embeddable":true,"href":"https:\/\/noticiasregionais.com.br\/index.php?rest_route=%2Fwp%2Fv2%2Fcomments&post=3153"}],"version-history":[{"count":1,"href":"https:\/\/noticiasregionais.com.br\/index.php?rest_route=\/wp\/v2\/posts\/3153\/revisions"}],"predecessor-version":[{"id":3155,"href":"https:\/\/noticiasregionais.com.br\/index.php?rest_route=\/wp\/v2\/posts\/3153\/revisions\/3155"}],"wp:featuredmedia":[{"embeddable":true,"href":"https:\/\/noticiasregionais.com.br\/index.php?rest_route=\/wp\/v2\/media\/3154"}],"wp:attachment":[{"href":"https:\/\/noticiasregionais.com.br\/index.php?rest_route=%2Fwp%2Fv2%2Fmedia&parent=3153"}],"wp:term":[{"taxonomy":"category","embeddable":true,"href":"https:\/\/noticiasregionais.com.br\/index.php?rest_route=%2Fwp%2Fv2%2Fcategories&post=3153"},{"taxonomy":"post_tag","embeddable":true,"href":"https:\/\/noticiasregionais.com.br\/index.php?rest_route=%2Fwp%2Fv2%2Ftags&post=3153"}],"curies":[{"name":"wp","href":"https:\/\/api.w.org\/{rel}","templated":true}]}}