{"id":3156,"date":"2024-06-11T07:50:38","date_gmt":"2024-06-11T10:50:38","guid":{"rendered":"https:\/\/noticiasregionais.com.br\/?p=3156"},"modified":"2024-06-11T07:50:41","modified_gmt":"2024-06-11T10:50:41","slug":"sp-avalia-aprendizado-de-25-milhoes-de-estudantes-no-2o-bimestre-a-partir-do-dia-17","status":"publish","type":"post","link":"https:\/\/noticiasregionais.com.br\/?p=3156","title":{"rendered":"SP avalia aprendizado de 2,5 milh\u00f5es de estudantes no 2\u00ba bimestre a partir do dia 17"},"content":{"rendered":"\n<p class=\"has-text-align-center\"><strong>Resultado ser\u00e1 considerado para avalia\u00e7\u00e3o de recupera\u00e7\u00e3o in\u00e9dita dos estudantes na rede estadual<\/strong><\/p>\n\n\n\n<p>A partir da pr\u00f3xima segunda-feira (17), a Secretaria da Educa\u00e7\u00e3o do Estado de S\u00e3o Paulo (Seduc-SP) avalia o aprendizado de 2,5 milh\u00f5es de estudantes no segundo bimestre letivo, por meio da Prova Paulista. A aplica\u00e7\u00e3o da avalia\u00e7\u00e3o segue at\u00e9 o dia 24.<\/p>\n\n\n\n<p>Assim como as provas do primeiro bimestre, a avalia\u00e7\u00e3o ser\u00e1 considerada pelos professores da rede para identificar alunos com dificuldades de aprendizagem que podem ser encaminhados para o novo formato de refor\u00e7o escolar. Na semana passada, a&nbsp;<a href=\"https:\/\/www.educacao.sp.gov.br\/\" target=\"_blank\" rel=\"noreferrer noopener\">Seduc-SP<\/a>&nbsp;anunciou uma<a href=\"https:\/\/www.saopaulo.sp.gov.br\/spnoticias\/ultimas-noticias\/sp-tera-recuperacao-semestral-para-alunos-da-rede-estadual-com-baixo-rendimento\/\" target=\"_blank\" rel=\"noreferrer noopener\">&nbsp;recupera\u00e7\u00e3o semestral para os alunos com desempenho abaixo da m\u00e9dia<\/a>. A recupera\u00e7\u00e3o ser\u00e1 composta por duas semanas de refor\u00e7o e, no final desse per\u00edodo, ser\u00e1 aplicada uma prova. A primeira prova de recupera\u00e7\u00e3o acontece no dia 5 de agosto.<\/p>\n\n\n\n<p>A Prova Paulista \u00e9 direcionada a alunos desde o 5\u00ba ano do Ensino Fundamental at\u00e9 a 3\u00aa s\u00e9rie do Ensino M\u00e9dio. A repescagem pode ser feita pelas escolas nos dias 25 e 26 de junho.<\/p>\n\n\n\n<h2 class=\"wp-block-heading\"><strong>O cronograma da Prova Paulista \u00e9 dividido da seguinte forma:<\/strong><\/h2>\n\n\n\n<ul class=\"wp-block-list\">\n<li>Nos dias 17 e 18 de junho, fazem a avalia\u00e7\u00e3o estudantes do 5\u00ba e 9\u00ba anos do Ensino Fundamental e da 3\u00aa s\u00e9rie do Ensino M\u00e9dio;<\/li>\n\n\n\n<li>Nos dias 19 e 20 de junho, do 6\u00ba e 8\u00ba anos do Ensino Fundamental e da 2\u00aa s\u00e9rie do Ensino M\u00e9dio;<\/li>\n\n\n\n<li>Nos dias 21 e 24, do 7\u00ba ano do Ensino Fundamental e da 1\u00aa s\u00e9rie do Ensino M\u00e9dio.<\/li>\n<\/ul>\n\n\n\n<p>Os estudantes s\u00e3o avaliados nos componentes de forma\u00e7\u00e3o geral b\u00e1sica. Para os estudantes do Ensino Fundamental, as provas s\u00e3o de l\u00edngua portuguesa, geografia e hist\u00f3ria no primeiro dia e matem\u00e1tica e ci\u00eancias no segundo dia. Alunos do 6\u00ba ao 9\u00ba ano t\u00eam ainda provas de l\u00edngua inglesa.<\/p>\n\n\n\n<p>No Ensino M\u00e9dio, al\u00e9m das disciplinas da forma\u00e7\u00e3o geral b\u00e1sica, haver\u00e1 ainda quest\u00f5es de acordo com itiner\u00e1rio formativo cursado por cada estudante.<\/p>\n\n\n\n<p>Assim como na primeira edi\u00e7\u00e3o de 2024, al\u00e9m das quest\u00f5es de resposta \u00fanica, os alunos ter\u00e3o acesso a quest\u00f5es com duas e at\u00e9 tr\u00eas alternativas corretas. O objetivo \u00e9 ampliar as possibilidades de aferi\u00e7\u00e3o do conhecimento adquirido no per\u00edodo.<\/p>\n\n\n\n<p>As provas ser\u00e3o compostas da seguinte maneira: 30 quest\u00f5es de m\u00faltipla escolha em cada dia para o 5\u00ba ano, 40 quest\u00f5es em cada dia do 6\u00ba ao 9\u00ba ano do Ensino Fundamental e 45 quest\u00f5es di\u00e1rias para todas as s\u00e9ries do Ensino M\u00e9dio.<\/p>\n\n\n\n<h2 class=\"wp-block-heading\">Recupera\u00e7\u00e3o in\u00e9dita para estudantes com dificuldades<\/h2>\n\n\n\n<p>O novo modelo de recupera\u00e7\u00e3o da Educa\u00e7\u00e3o prev\u00ea que, por at\u00e9 duas semanas, as aulas ser\u00e3o focadas em conte\u00fados que os estudantes tiveram mais dificuldade na Prova Paulista, que \u00e9 a avalia\u00e7\u00e3o bimestral da Seduc-SP. A primeira prova de recupera\u00e7\u00e3o ser\u00e1 no dia 5 de agosto e os estudantes da rede ter\u00e3o duas semanas letivas de estudos focados na revis\u00e3o de conte\u00fados \u2013 a semana de 1 a 5 de julho, \u00faltima antes das f\u00e9rias do meio do ano, e de 29 de julho a 2 de agosto.<\/p>\n\n\n\n<p>Se a m\u00e9dia dos bimestres for abaixo de 5 em quaisquer disciplinas, o aluno dever\u00e1 obrigatoriamente fazer nova prova para tentar recuperar sua nota. A nova nota substituir\u00e1 a menor entre os dois bimestres anteriores, contribuindo para reduzir as defasagens.<\/p>\n<input type=\"hidden\" id=\"baseurl\" value=\"https:\/\/noticiasregionais.com.br\"><input type=\"hidden\" id=\"audio_nonce\" value=\"533fbb67b1\">","protected":false},"excerpt":{"rendered":"<p>Resultado ser\u00e1 considerado para avalia\u00e7\u00e3o de recupera\u00e7\u00e3o in\u00e9dita dos estudantes na rede estadual A partir da pr\u00f3xima segunda-feira (17), a&hellip;<\/p>\n","protected":false},"author":1,"featured_media":3157,"comment_status":"closed","ping_status":"open","sticky":false,"template":"","format":"standard","meta":{"sfsi_plus_gutenberg_text_before_share":"","sfsi_plus_gutenberg_show_text_before_share":"","sfsi_plus_gutenberg_icon_type":"","sfsi_plus_gutenberg_icon_alignemt":"","sfsi_plus_gutenburg_max_per_row":"","footnotes":""},"categories":[6,10,1],"tags":[],"class_list":["post-3156","post","type-post","status-publish","format-standard","has-post-thumbnail","hentry","category-sao_paulo","category-destaques","category-noticias"],"_links":{"self":[{"href":"https:\/\/noticiasregionais.com.br\/index.php?rest_route=\/wp\/v2\/posts\/3156","targetHints":{"allow":["GET"]}}],"collection":[{"href":"https:\/\/noticiasregionais.com.br\/index.php?rest_route=\/wp\/v2\/posts"}],"about":[{"href":"https:\/\/noticiasregionais.com.br\/index.php?rest_route=\/wp\/v2\/types\/post"}],"author":[{"embeddable":true,"href":"https:\/\/noticiasregionais.com.br\/index.php?rest_route=\/wp\/v2\/users\/1"}],"replies":[{"embeddable":true,"href":"https:\/\/noticiasregionais.com.br\/index.php?rest_route=%2Fwp%2Fv2%2Fcomments&post=3156"}],"version-history":[{"count":1,"href":"https:\/\/noticiasregionais.com.br\/index.php?rest_route=\/wp\/v2\/posts\/3156\/revisions"}],"predecessor-version":[{"id":3158,"href":"https:\/\/noticiasregionais.com.br\/index.php?rest_route=\/wp\/v2\/posts\/3156\/revisions\/3158"}],"wp:featuredmedia":[{"embeddable":true,"href":"https:\/\/noticiasregionais.com.br\/index.php?rest_route=\/wp\/v2\/media\/3157"}],"wp:attachment":[{"href":"https:\/\/noticiasregionais.com.br\/index.php?rest_route=%2Fwp%2Fv2%2Fmedia&parent=3156"}],"wp:term":[{"taxonomy":"category","embeddable":true,"href":"https:\/\/noticiasregionais.com.br\/index.php?rest_route=%2Fwp%2Fv2%2Fcategories&post=3156"},{"taxonomy":"post_tag","embeddable":true,"href":"https:\/\/noticiasregionais.com.br\/index.php?rest_route=%2Fwp%2Fv2%2Ftags&post=3156"}],"curies":[{"name":"wp","href":"https:\/\/api.w.org\/{rel}","templated":true}]}}