{"id":3159,"date":"2024-06-11T19:26:58","date_gmt":"2024-06-11T22:26:58","guid":{"rendered":"https:\/\/noticiasregionais.com.br\/?p=3159"},"modified":"2024-06-11T19:27:09","modified_gmt":"2024-06-11T22:27:09","slug":"policia-militar-prende-traficante-em-santa-cruz-do-rio-pardo","status":"publish","type":"post","link":"https:\/\/noticiasregionais.com.br\/?p=3159","title":{"rendered":"Pol\u00edcia Militar prende traficante em Santa Cruz do Rio Pardo"},"content":{"rendered":"\n<p>A Pol\u00edcia Militar, por meio da Equipe K9 do 13\u00ba BAEP, prendeu Renan L. G., de 23 anos, pelo crime de tr\u00e1fico de drogas.<\/p>\n\n\n\n<p>A pris\u00e3o ocorreu na manh\u00e3 de hoje, na Rua Nicola Picinin, ap\u00f3s a equipe receber informa\u00e7\u00f5es de que Renan seria o propriet\u00e1rio de drogas apreendidas em sua resid\u00eancia na Rua Olavo Gomes.<\/p>\n\n\n\n<p>Os policiais foram at\u00e9 a casa de um amigo de Renan, que confirmou a presen\u00e7a do suspeito e permitiu a entrada da equipe. Na busca pessoal, foram encontradas 18 por\u00e7\u00f5es de coca\u00edna embaladas para venda, uma por\u00e7\u00e3o maior da mesma droga bruta (totalizando 0,030 kg), R$ 120,00 e um aparelho celular.<\/p>\n\n\n\n<p>Diante das provas, Renan foi preso em flagrante pelo crime de tr\u00e1fico de drogas e encaminhado \u00e0 CPJ de Santa Cruz do Rio Pardo, onde a autoridade policial ratificou a pris\u00e3o. O indiciado permanece \u00e0 disposi\u00e7\u00e3o da Justi\u00e7a.<\/p>\n<input type=\"hidden\" id=\"baseurl\" value=\"https:\/\/noticiasregionais.com.br\"><input type=\"hidden\" id=\"audio_nonce\" value=\"533fbb67b1\">","protected":false},"excerpt":{"rendered":"<p>A Pol\u00edcia Militar, por meio da Equipe K9 do 13\u00ba BAEP, prendeu Renan L. G., de 23 anos, pelo crime&hellip;<\/p>\n","protected":false},"author":1,"featured_media":3160,"comment_status":"closed","ping_status":"open","sticky":false,"template":"","format":"standard","meta":{"sfsi_plus_gutenberg_text_before_share":"","sfsi_plus_gutenberg_show_text_before_share":"","sfsi_plus_gutenberg_icon_type":"","sfsi_plus_gutenberg_icon_alignemt":"","sfsi_plus_gutenburg_max_per_row":"","footnotes":""},"categories":[6,12,1],"tags":[],"class_list":["post-3159","post","type-post","status-publish","format-standard","has-post-thumbnail","hentry","category-sao_paulo","category-capa","category-noticias"],"_links":{"self":[{"href":"https:\/\/noticiasregionais.com.br\/index.php?rest_route=\/wp\/v2\/posts\/3159","targetHints":{"allow":["GET"]}}],"collection":[{"href":"https:\/\/noticiasregionais.com.br\/index.php?rest_route=\/wp\/v2\/posts"}],"about":[{"href":"https:\/\/noticiasregionais.com.br\/index.php?rest_route=\/wp\/v2\/types\/post"}],"author":[{"embeddable":true,"href":"https:\/\/noticiasregionais.com.br\/index.php?rest_route=\/wp\/v2\/users\/1"}],"replies":[{"embeddable":true,"href":"https:\/\/noticiasregionais.com.br\/index.php?rest_route=%2Fwp%2Fv2%2Fcomments&post=3159"}],"version-history":[{"count":1,"href":"https:\/\/noticiasregionais.com.br\/index.php?rest_route=\/wp\/v2\/posts\/3159\/revisions"}],"predecessor-version":[{"id":3161,"href":"https:\/\/noticiasregionais.com.br\/index.php?rest_route=\/wp\/v2\/posts\/3159\/revisions\/3161"}],"wp:featuredmedia":[{"embeddable":true,"href":"https:\/\/noticiasregionais.com.br\/index.php?rest_route=\/wp\/v2\/media\/3160"}],"wp:attachment":[{"href":"https:\/\/noticiasregionais.com.br\/index.php?rest_route=%2Fwp%2Fv2%2Fmedia&parent=3159"}],"wp:term":[{"taxonomy":"category","embeddable":true,"href":"https:\/\/noticiasregionais.com.br\/index.php?rest_route=%2Fwp%2Fv2%2Fcategories&post=3159"},{"taxonomy":"post_tag","embeddable":true,"href":"https:\/\/noticiasregionais.com.br\/index.php?rest_route=%2Fwp%2Fv2%2Ftags&post=3159"}],"curies":[{"name":"wp","href":"https:\/\/api.w.org\/{rel}","templated":true}]}}