{"id":3162,"date":"2024-06-11T19:46:58","date_gmt":"2024-06-11T22:46:58","guid":{"rendered":"https:\/\/noticiasregionais.com.br\/?p=3162"},"modified":"2024-06-11T19:47:10","modified_gmt":"2024-06-11T22:47:10","slug":"homem-suspeito-de-integrar-faccao-e-morto-em-confronto-com-baep","status":"publish","type":"post","link":"https:\/\/noticiasregionais.com.br\/?p=3162","title":{"rendered":"Homem suspeito de integrar fac\u00e7\u00e3o \u00e9 morto em confronto com Baep"},"content":{"rendered":"\n<p class=\"has-text-align-center\"><strong>Um homem de 45 anos apontado como integrante de uma fac\u00e7\u00e3o criminosa morreu baleado no in\u00edcio da tarde desta ter\u00e7a-feira (11), em confronto com a Pol\u00edcia Militar (PM), no Jardim Cruzeiro do Sul, em Bauru.<\/strong><\/p>\n\n\n\n<p> A abordagem ocorreu durante cumprimento de mandado de pris\u00e3o por tr\u00e1fico de drogas, em um apartamento do terceiro andar de um residencial localizado na quadra 2 da rua Ana Rosa Zuicker D\u2019Annunziata.<\/p>\n\n\n\n<p>Segundo informa\u00e7\u00f5es colhidas no local, ap\u00f3s apura\u00e7\u00f5es realizadas pelo Setor de Intelig\u00eancia do 13.\u00ba Batalh\u00e3o de A\u00e7\u00f5es Especiais de Pol\u00edcia (13.\u00ba Baep) e do recebimento de informa\u00e7\u00f5es an\u00f4nimas pela manh\u00e3, equipes da corpora\u00e7\u00e3o foram at\u00e9 o endere\u00e7o para cumprir o mandado de pris\u00e3o expedido em maio contra M\u00e1rcio Luiz Cl\u00e1udio, em uma a\u00e7\u00e3o que tramita na Justi\u00e7a desde 2013.<\/p>\n\n\n\n<p>Conhecido no meio criminal como \u201cCome Ranho\u201d, ele foi considerado, nas investiga\u00e7\u00f5es conduzidas pela Pol\u00edcia Civil, um dos cabe\u00e7as de uma quadrilha de traficantes que movimentava grandes quantidades de droga e milh\u00f5es de reais na cidade. Na \u00e9poca, M\u00e1rcio chegou a ser preso junto com outros comparsas, conforme noticiou o Jornal da Cidade.<\/p>\n\n\n\n<p>Nesta ter\u00e7a-feira, por volta de 12h10, os policiais do Baep, munidos de escudos, ingressaram no residencial e o morador, ao perceber a presen\u00e7a dos agentes, teria entrado no apartamento e resistido \u00e0 pris\u00e3o, conforme nota enviada pela corpora\u00e7\u00e3o \u00e0 imprensa.<\/p>\n\n\n\n<p>\u201cIniciadas as negocia\u00e7\u00f5es e procedimentos t\u00e9cnicos operacionais para realizar a pris\u00e3o do indiv\u00edduo, este veio a sair de um dos c\u00f4modos empunhando uma pistola calibre .40 e, ao ser solicitado para ele soltar a arma, a ordem n\u00e3o foi obedecida\u201d, descreve o comunicado.<\/p>\n\n\n\n<p><strong>APREENS\u00d5ES<\/strong><\/p>\n\n\n\n<p>Neste momento, a equipe atirou em dire\u00e7\u00e3o a M\u00e1rcio, que foi atingido por disparos na regi\u00e3o do tronco e morreu na sala do im\u00f3vel. O \u00f3bito foi constatado pelo Samu, acionado pelos policiais. A pistola .40, segundo o Baep, era da marca Taurus, modelo 2417, estava carregada com 13 muni\u00e7\u00f5es e tinha numera\u00e7\u00e3o suprimida.<\/p>\n\n\n\n<p>No apartamento, alugado h\u00e1 alguns meses em nome de outra pessoa, tamb\u00e9m foram localizados um rev\u00f3lver calibre 38 da marca Taurus com cinco muni\u00e7\u00f5es, R$ 356,00 em dinheiro, dois tijolos de maconha e um documento com suspeita de ser falso. O comandante do 13.\u00ba Baep, o tenente-coronel F\u00e1bio Domingues Pereira, que retornou nesta segunda-feira de miss\u00e3o humanit\u00e1ria no Rio Grande do Sul, esteve no local, assim como o delegado plantonista F\u00e1bio Junqueira.<\/p>\n\n\n\n<p>Ap\u00f3s a per\u00edcia realizada pela Pol\u00edcia Cient\u00edfica, o corpo de M\u00e1rcio foi encaminhado ao Instituto M\u00e9dico Legal (IML). Ainda de acordo com a nota emitida pelo Baep, o foragido tinha antecedentes criminais por homic\u00eddio, tr\u00e1fico e associa\u00e7\u00e3o para o tr\u00e1fico de drogas e posse ilegal de arma de fogo.<\/p>\n\n\n\n<p>A ocorr\u00eancia est\u00e1 sendo apresentada no Plant\u00e3o da Pol\u00edcia Civil e um inqu\u00e9rito policial militar foi instaurado para averiguar a din\u00e2mica dos fatos quanto \u00e0 conduta dos agentes de seguran\u00e7a.<\/p>\n<input type=\"hidden\" id=\"baseurl\" value=\"https:\/\/noticiasregionais.com.br\"><input type=\"hidden\" id=\"audio_nonce\" value=\"62e6e21d74\">","protected":false},"excerpt":{"rendered":"<p>Um homem de 45 anos apontado como integrante de uma fac\u00e7\u00e3o criminosa morreu baleado no in\u00edcio da tarde desta ter\u00e7a-feira&hellip;<\/p>\n","protected":false},"author":1,"featured_media":3163,"comment_status":"closed","ping_status":"open","sticky":false,"template":"","format":"standard","meta":{"sfsi_plus_gutenberg_text_before_share":"","sfsi_plus_gutenberg_show_text_before_share":"","sfsi_plus_gutenberg_icon_type":"","sfsi_plus_gutenberg_icon_alignemt":"","sfsi_plus_gutenburg_max_per_row":"","footnotes":""},"categories":[6,10,1],"tags":[],"class_list":["post-3162","post","type-post","status-publish","format-standard","has-post-thumbnail","hentry","category-sao_paulo","category-destaques","category-noticias"],"_links":{"self":[{"href":"https:\/\/noticiasregionais.com.br\/index.php?rest_route=\/wp\/v2\/posts\/3162","targetHints":{"allow":["GET"]}}],"collection":[{"href":"https:\/\/noticiasregionais.com.br\/index.php?rest_route=\/wp\/v2\/posts"}],"about":[{"href":"https:\/\/noticiasregionais.com.br\/index.php?rest_route=\/wp\/v2\/types\/post"}],"author":[{"embeddable":true,"href":"https:\/\/noticiasregionais.com.br\/index.php?rest_route=\/wp\/v2\/users\/1"}],"replies":[{"embeddable":true,"href":"https:\/\/noticiasregionais.com.br\/index.php?rest_route=%2Fwp%2Fv2%2Fcomments&post=3162"}],"version-history":[{"count":1,"href":"https:\/\/noticiasregionais.com.br\/index.php?rest_route=\/wp\/v2\/posts\/3162\/revisions"}],"predecessor-version":[{"id":3164,"href":"https:\/\/noticiasregionais.com.br\/index.php?rest_route=\/wp\/v2\/posts\/3162\/revisions\/3164"}],"wp:featuredmedia":[{"embeddable":true,"href":"https:\/\/noticiasregionais.com.br\/index.php?rest_route=\/wp\/v2\/media\/3163"}],"wp:attachment":[{"href":"https:\/\/noticiasregionais.com.br\/index.php?rest_route=%2Fwp%2Fv2%2Fmedia&parent=3162"}],"wp:term":[{"taxonomy":"category","embeddable":true,"href":"https:\/\/noticiasregionais.com.br\/index.php?rest_route=%2Fwp%2Fv2%2Fcategories&post=3162"},{"taxonomy":"post_tag","embeddable":true,"href":"https:\/\/noticiasregionais.com.br\/index.php?rest_route=%2Fwp%2Fv2%2Ftags&post=3162"}],"curies":[{"name":"wp","href":"https:\/\/api.w.org\/{rel}","templated":true}]}}