{"id":3165,"date":"2024-06-12T20:08:50","date_gmt":"2024-06-12T23:08:50","guid":{"rendered":"https:\/\/noticiasregionais.com.br\/?p=3165"},"modified":"2024-06-12T20:09:01","modified_gmt":"2024-06-12T23:09:01","slug":"55a-fapi-todos-os-ourinhenses-pagarao-mas-nem-todos-serao-bem-vindos","status":"publish","type":"post","link":"https:\/\/noticiasregionais.com.br\/?p=3165","title":{"rendered":"55\u00aa FAPI &#8211; Todos os Ourinhenses pagar\u00e3o, mas nem todos ser\u00e3o bem-vindos"},"content":{"rendered":"\n<p class=\"has-text-align-center\"><strong>Edi\u00e7\u00e3o j\u00e1 teve pol\u00eamicas, persegui\u00e7\u00e3o de advers\u00e1rios pol\u00edticos e cr\u00edticas absurdas<\/strong><\/p>\n\n\n\n<p>A FAPI 2024 nem come\u00e7ou e j\u00e1 \u00e9 poss\u00edvel notar o clima de guerra pol\u00edtica no ar. Ontem, os apoiadores do ent\u00e3o vereador e pr\u00e9-candidato a prefeito Guilherme Gon\u00e7alves fixaram duas faixas em um terreno particular defronte ao recinto, saudando os participantes do evento. Mesmo contra a realiza\u00e7\u00e3o da feira, devido ao alto valor investido, o pol\u00edtico sabe que o evento deveria ser feito para a popula\u00e7\u00e3o em geral, apoiadores de todos os poss\u00edveis candidatos.<\/p>\n\n\n\n<p>O fato \u00e9 que, ap\u00f3s a meia-noite desta quarta-feira (07), o atual prefeito fez uma live em seu Instagram acusando o vereador de ser hip\u00f3crita por saudar os presentes. O recado de Pocay parece simples: aqui s\u00f3 \u00e9 bem-vindo quem n\u00e3o fez cr\u00edticas. Parece que o prefeito se esqueceu que n\u00e3o se trata de um pr\u00e9-lan\u00e7amento de campanha do seu pupilo Caio Lima e menos ainda de uma festa particular. Para completar o quadro de estranhezas, o mandat\u00e1rio fez uma previs\u00e3o, como se j\u00e1 soubesse de algo ou apenas por um surto de clarivid\u00eancia. Pocay insinuou que algu\u00e9m ligado ao grupo de oposi\u00e7\u00e3o poderia furtar as faixas para acusar o grupo encabe\u00e7ado por ele, apoiando o pr\u00e9-candidato Caio Lima. Coincidentemente, foi exatamente o que ocorreu durante a noite.<\/p>\n\n\n\n<p>Durante os \u00faltimos dias, pessoas notoriamente ligadas a vereadores da base do prefeito e tamb\u00e9m a cargos de indica\u00e7\u00e3o pol\u00edtica da gest\u00e3o estiveram tecendo amea\u00e7as, em redes sociais e grupos de WhatsApp, de forma velada, a todos aqueles que questionam detalhes da feira, como por exemplo o fato de o munic\u00edpio investir cerca de 10 milh\u00f5es em um evento de 5 dias. Em um dos casos, um desses agentes pol\u00edticos afirmou que estariam todos atentos e fotografariam a &#8220;cara dos hip\u00f3critas&#8221; que foram contra a FAPI, mas que est\u00e3o l\u00e1 aproveitando. Aparentemente, o dinheiro vai sair do bolso de todos em forma de cascata, mas s\u00f3 ser\u00e3o bem-vindos por l\u00e1 aqueles que n\u00e3o acharam nada estranho.<\/p>\n\n\n\n<p>Somente com os shows desta primeira noite, os ourinhenses ter\u00e3o que desembolsar mais de um milh\u00e3o de reais. Ent\u00e3o, nada mais justo que todos possam ao menos curtir as atra\u00e7\u00f5es milion\u00e1rias daquela que est\u00e3o tentando transformar no com\u00edcio mais caro da hist\u00f3ria do estado de S\u00e3o Paulo, qui\u00e7\u00e1 do pa\u00eds.<\/p>\n<input type=\"hidden\" id=\"baseurl\" value=\"https:\/\/noticiasregionais.com.br\"><input type=\"hidden\" id=\"audio_nonce\" value=\"533fbb67b1\">","protected":false},"excerpt":{"rendered":"<p>Edi\u00e7\u00e3o j\u00e1 teve pol\u00eamicas, persegui\u00e7\u00e3o de advers\u00e1rios pol\u00edticos e cr\u00edticas absurdas A FAPI 2024 nem come\u00e7ou e j\u00e1 \u00e9 poss\u00edvel&hellip;<\/p>\n","protected":false},"author":1,"featured_media":3166,"comment_status":"closed","ping_status":"open","sticky":false,"template":"","format":"standard","meta":{"sfsi_plus_gutenberg_text_before_share":"","sfsi_plus_gutenberg_show_text_before_share":"","sfsi_plus_gutenberg_icon_type":"","sfsi_plus_gutenberg_icon_alignemt":"","sfsi_plus_gutenburg_max_per_row":"","footnotes":""},"categories":[5,12,1],"tags":[],"class_list":["post-3165","post","type-post","status-publish","format-standard","has-post-thumbnail","hentry","category-ourinhos","category-capa","category-noticias"],"_links":{"self":[{"href":"https:\/\/noticiasregionais.com.br\/index.php?rest_route=\/wp\/v2\/posts\/3165","targetHints":{"allow":["GET"]}}],"collection":[{"href":"https:\/\/noticiasregionais.com.br\/index.php?rest_route=\/wp\/v2\/posts"}],"about":[{"href":"https:\/\/noticiasregionais.com.br\/index.php?rest_route=\/wp\/v2\/types\/post"}],"author":[{"embeddable":true,"href":"https:\/\/noticiasregionais.com.br\/index.php?rest_route=\/wp\/v2\/users\/1"}],"replies":[{"embeddable":true,"href":"https:\/\/noticiasregionais.com.br\/index.php?rest_route=%2Fwp%2Fv2%2Fcomments&post=3165"}],"version-history":[{"count":1,"href":"https:\/\/noticiasregionais.com.br\/index.php?rest_route=\/wp\/v2\/posts\/3165\/revisions"}],"predecessor-version":[{"id":3167,"href":"https:\/\/noticiasregionais.com.br\/index.php?rest_route=\/wp\/v2\/posts\/3165\/revisions\/3167"}],"wp:featuredmedia":[{"embeddable":true,"href":"https:\/\/noticiasregionais.com.br\/index.php?rest_route=\/wp\/v2\/media\/3166"}],"wp:attachment":[{"href":"https:\/\/noticiasregionais.com.br\/index.php?rest_route=%2Fwp%2Fv2%2Fmedia&parent=3165"}],"wp:term":[{"taxonomy":"category","embeddable":true,"href":"https:\/\/noticiasregionais.com.br\/index.php?rest_route=%2Fwp%2Fv2%2Fcategories&post=3165"},{"taxonomy":"post_tag","embeddable":true,"href":"https:\/\/noticiasregionais.com.br\/index.php?rest_route=%2Fwp%2Fv2%2Ftags&post=3165"}],"curies":[{"name":"wp","href":"https:\/\/api.w.org\/{rel}","templated":true}]}}