{"id":3168,"date":"2024-06-12T20:25:55","date_gmt":"2024-06-12T23:25:55","guid":{"rendered":"https:\/\/noticiasregionais.com.br\/?p=3168"},"modified":"2024-06-12T20:26:07","modified_gmt":"2024-06-12T23:26:07","slug":"procuradoria-da-mulher-da-camara-de-ourinhos-distribuira-50-mil-cartoes-vermelhos-da-campanha-naoenao-na-55a-fapi","status":"publish","type":"post","link":"https:\/\/noticiasregionais.com.br\/?p=3168","title":{"rendered":"Procuradoria da Mulher da C\u00e2mara de Ourinhos distribuir\u00e1 50 mil cart\u00f5es vermelhos da Campanha #Nao\u00e9N\u00e3o na 55\u00aa FAPI"},"content":{"rendered":"\n<p>Brincadeira que conscientiza e educa. Esse \u00e9 o objetivo da Procuradoria da Mulher da C\u00e2mara de Ourinhos com a a\u00e7\u00e3o de entrega de 50 mil cart\u00f5es vermelhos durante os cinco dias da 55\u00aa FAPI.<\/p>\n\n\n\n<p>O material impresso remete a Campanha #N\u00e3o\u00e9N\u00e3o contra o Ass\u00e9dio Sexual.<\/p>\n\n\n\n<p>De um lado do cart\u00e3o vermelho est\u00e1 escrito \u201cN\u00c3O\u201d e do outro lado informa\u00e7\u00f5es sobre onde procurar ajuda em caso de ass\u00e9dio durante a FAPI.<\/p>\n\n\n\n<p>O intuito \u00e9 que as mulheres levantem o cart\u00e3o vermelho para os homens, em uma esp\u00e9cie de \u201cbrincadeira\u201d chamando a aten\u00e7\u00e3o para o respeito \u00e0 escolha do N\u00c3O.<\/p>\n\n\n\n<h1 class=\"wp-block-heading\">N\u00e3o\u00e9n\u00e3o<\/h1>\n\n\n\n<p>O movimento #N\u00e3o\u00e9N\u00e3o \u00e9 hoje amparado pela Lei 14786\/23, que criou um protocolo para proteger mulheres de ass\u00e9dio em shows, casas noturnas, boates, bares, restaurantes, etc.<\/p>\n\n\n\n<p>O protocolo \u201cN\u00e3o \u00e9 n\u00e3o\u201d leva em conta dois tipos de agress\u00f5es. O constrangimento, que abarca qualquer insist\u00eancia, f\u00edsica ou verbal, sofrida por uma mulher depois de manifestada a sua discord\u00e2ncia e a viol\u00eancia propriamente dita, com o uso da for\u00e7a que tenha como resultado dano, les\u00e3o ou morte, de acordo com a legisla\u00e7\u00e3o penal em vigor.<\/p>\n\n\n\n<p>Lembrando sempre que a importuna\u00e7\u00e3o sexual \u00e9 crime, com pena de um a cinco anos de pris\u00e3o.<\/p>\n<input type=\"hidden\" id=\"baseurl\" value=\"https:\/\/noticiasregionais.com.br\"><input type=\"hidden\" id=\"audio_nonce\" value=\"533fbb67b1\">","protected":false},"excerpt":{"rendered":"<p>Brincadeira que conscientiza e educa. Esse \u00e9 o objetivo da Procuradoria da Mulher da C\u00e2mara de Ourinhos com a a\u00e7\u00e3o&hellip;<\/p>\n","protected":false},"author":1,"featured_media":3169,"comment_status":"closed","ping_status":"open","sticky":false,"template":"","format":"standard","meta":{"sfsi_plus_gutenberg_text_before_share":"","sfsi_plus_gutenberg_show_text_before_share":"","sfsi_plus_gutenberg_icon_type":"","sfsi_plus_gutenberg_icon_alignemt":"","sfsi_plus_gutenburg_max_per_row":"","footnotes":""},"categories":[5,10,1],"tags":[],"class_list":["post-3168","post","type-post","status-publish","format-standard","has-post-thumbnail","hentry","category-ourinhos","category-destaques","category-noticias"],"_links":{"self":[{"href":"https:\/\/noticiasregionais.com.br\/index.php?rest_route=\/wp\/v2\/posts\/3168","targetHints":{"allow":["GET"]}}],"collection":[{"href":"https:\/\/noticiasregionais.com.br\/index.php?rest_route=\/wp\/v2\/posts"}],"about":[{"href":"https:\/\/noticiasregionais.com.br\/index.php?rest_route=\/wp\/v2\/types\/post"}],"author":[{"embeddable":true,"href":"https:\/\/noticiasregionais.com.br\/index.php?rest_route=\/wp\/v2\/users\/1"}],"replies":[{"embeddable":true,"href":"https:\/\/noticiasregionais.com.br\/index.php?rest_route=%2Fwp%2Fv2%2Fcomments&post=3168"}],"version-history":[{"count":1,"href":"https:\/\/noticiasregionais.com.br\/index.php?rest_route=\/wp\/v2\/posts\/3168\/revisions"}],"predecessor-version":[{"id":3170,"href":"https:\/\/noticiasregionais.com.br\/index.php?rest_route=\/wp\/v2\/posts\/3168\/revisions\/3170"}],"wp:featuredmedia":[{"embeddable":true,"href":"https:\/\/noticiasregionais.com.br\/index.php?rest_route=\/wp\/v2\/media\/3169"}],"wp:attachment":[{"href":"https:\/\/noticiasregionais.com.br\/index.php?rest_route=%2Fwp%2Fv2%2Fmedia&parent=3168"}],"wp:term":[{"taxonomy":"category","embeddable":true,"href":"https:\/\/noticiasregionais.com.br\/index.php?rest_route=%2Fwp%2Fv2%2Fcategories&post=3168"},{"taxonomy":"post_tag","embeddable":true,"href":"https:\/\/noticiasregionais.com.br\/index.php?rest_route=%2Fwp%2Fv2%2Ftags&post=3168"}],"curies":[{"name":"wp","href":"https:\/\/api.w.org\/{rel}","templated":true}]}}