{"id":3171,"date":"2024-06-12T20:28:38","date_gmt":"2024-06-12T23:28:38","guid":{"rendered":"https:\/\/noticiasregionais.com.br\/?p=3171"},"modified":"2024-06-12T20:28:50","modified_gmt":"2024-06-12T23:28:50","slug":"prf-prende-homem-com-44-kg-de-maconha-em-ourinhos-sp","status":"publish","type":"post","link":"https:\/\/noticiasregionais.com.br\/?p=3171","title":{"rendered":"PRF prende homem com 44 kg de maconha em Ourinhos\/SP"},"content":{"rendered":"\n<p class=\"has-text-align-center\"><strong>C\u00e3o farejador indicou a droga escondida<\/strong><\/p>\n\n\n\n<p>Uma equipe da Pol\u00edcia Rodovi\u00e1ria Federal prendeu um motorista de 37 anos que passava pelo km 345 da rodovia Transbrasiliana (BR-153) na noite desta ter\u00e7a-feira (11). Ele dirigia um carro Toyota Corolla quando recebeu ordem de parada \u00e0s 22h40 numa fiscaliza\u00e7\u00e3o feita com uso de c\u00e3o farejador.<\/p>\n\n\n\n<p>Os policiais conversavam com o motorista e descobriram que ele vinha de Umuarama, no Paran\u00e1, cidade que fica h\u00e1 cerca de 130 quil\u00f4metros do Paraguai e j\u00e1 tinha historico criminal por tr\u00e1ficode drogas. Somados ao nervosismo acentuado que apresentou, os sinais levaram a equipe da PRF a realizar uma fiscaliza\u00e7\u00e3o detalhada com o c\u00e3o policial.<\/p>\n\n\n\n<p>Rapidamente o c\u00e3o policial indicou cheiro de drogas atr\u00e1s do banco traseiro e os policiais descobriram que havia um anteparo constru\u00eddo para levar grande quantidade de produtos escondidos. Nele havia diversos blocos de maconha.<\/p>\n\n\n\n<p>A pesagem preliminar indicou que havia 44 quilos do entorpecente e o homem confessou foi contratado para transportar a carga de Umuarama para Campinas, no interior de SP. Ele foi preso pela pr\u00e1tica de tr\u00e1fico de drogas e levado para a delegacia de Pol\u00edcia Civil em Ourinhos. O crime tem pena prevista de at\u00e9 15 anos de reclus\u00e3o.<\/p>\n<input type=\"hidden\" id=\"baseurl\" value=\"https:\/\/noticiasregionais.com.br\"><input type=\"hidden\" id=\"audio_nonce\" value=\"533fbb67b1\">","protected":false},"excerpt":{"rendered":"<p>C\u00e3o farejador indicou a droga escondida Uma equipe da Pol\u00edcia Rodovi\u00e1ria Federal prendeu um motorista de 37 anos que passava&hellip;<\/p>\n","protected":false},"author":1,"featured_media":3172,"comment_status":"closed","ping_status":"open","sticky":false,"template":"","format":"standard","meta":{"sfsi_plus_gutenberg_text_before_share":"","sfsi_plus_gutenberg_show_text_before_share":"","sfsi_plus_gutenberg_icon_type":"","sfsi_plus_gutenberg_icon_alignemt":"","sfsi_plus_gutenburg_max_per_row":"","footnotes":""},"categories":[5,10,1],"tags":[],"class_list":["post-3171","post","type-post","status-publish","format-standard","has-post-thumbnail","hentry","category-ourinhos","category-destaques","category-noticias"],"_links":{"self":[{"href":"https:\/\/noticiasregionais.com.br\/index.php?rest_route=\/wp\/v2\/posts\/3171","targetHints":{"allow":["GET"]}}],"collection":[{"href":"https:\/\/noticiasregionais.com.br\/index.php?rest_route=\/wp\/v2\/posts"}],"about":[{"href":"https:\/\/noticiasregionais.com.br\/index.php?rest_route=\/wp\/v2\/types\/post"}],"author":[{"embeddable":true,"href":"https:\/\/noticiasregionais.com.br\/index.php?rest_route=\/wp\/v2\/users\/1"}],"replies":[{"embeddable":true,"href":"https:\/\/noticiasregionais.com.br\/index.php?rest_route=%2Fwp%2Fv2%2Fcomments&post=3171"}],"version-history":[{"count":1,"href":"https:\/\/noticiasregionais.com.br\/index.php?rest_route=\/wp\/v2\/posts\/3171\/revisions"}],"predecessor-version":[{"id":3173,"href":"https:\/\/noticiasregionais.com.br\/index.php?rest_route=\/wp\/v2\/posts\/3171\/revisions\/3173"}],"wp:featuredmedia":[{"embeddable":true,"href":"https:\/\/noticiasregionais.com.br\/index.php?rest_route=\/wp\/v2\/media\/3172"}],"wp:attachment":[{"href":"https:\/\/noticiasregionais.com.br\/index.php?rest_route=%2Fwp%2Fv2%2Fmedia&parent=3171"}],"wp:term":[{"taxonomy":"category","embeddable":true,"href":"https:\/\/noticiasregionais.com.br\/index.php?rest_route=%2Fwp%2Fv2%2Fcategories&post=3171"},{"taxonomy":"post_tag","embeddable":true,"href":"https:\/\/noticiasregionais.com.br\/index.php?rest_route=%2Fwp%2Fv2%2Ftags&post=3171"}],"curies":[{"name":"wp","href":"https:\/\/api.w.org\/{rel}","templated":true}]}}