{"id":3186,"date":"2024-06-14T06:59:45","date_gmt":"2024-06-14T09:59:45","guid":{"rendered":"https:\/\/noticiasregionais.com.br\/?p=3186"},"modified":"2024-06-14T06:59:47","modified_gmt":"2024-06-14T09:59:47","slug":"prisao-de-procurado-pela-equipe-k9-do-13-baep-em-sao-pedro-do-turvo","status":"publish","type":"post","link":"https:\/\/noticiasregionais.com.br\/?p=3186","title":{"rendered":"Pris\u00e3o de procurado pela equipe K9 do 13\u00b0 BAEP em S\u00e3o Pedro do Turvo"},"content":{"rendered":"\n<p>Na noite de quinta-feira, 13 de junho de 2024, a Equipe K9 do 13\u00ba Batalh\u00e3o de A\u00e7\u00f5es Especiais de Pol\u00edcia (BAEP) realizou a captura de Paulo E. S., de 46 anos, procurado pela justi\u00e7a por estupro de vulner\u00e1vel. A pris\u00e3o ocorreu na Rua Benedito Oliveira Branco, \u00e0s 21h30, ap\u00f3s a equipe receber informa\u00e7\u00f5es sobre o paradeiro do condenado.<\/p>\n\n\n\n<p>Paulo E. S. tinha um mandado de pris\u00e3o expedido contra ele, com uma condena\u00e7\u00e3o de 29 anos e 2 meses de reclus\u00e3o pelo crime previsto no artigo 217 da lei 2848, que trata do estupro de vulner\u00e1vel. A a\u00e7\u00e3o policial foi desencadeada ap\u00f3s a equipe do BAEP confirmar as informa\u00e7\u00f5es e se dirigir ao endere\u00e7o mencionado.<\/p>\n\n\n\n<p>No local, Paulo E. S. foi abordado e revistado. Durante a revista, nada de il\u00edcito foi encontrado com ele. Ap\u00f3s a confirma\u00e7\u00e3o de sua identidade e do mandado de pris\u00e3o em aberto, foi dada a voz de pris\u00e3o a Paulo, que teve seus direitos constitucionais garantidos e lidos no momento da deten\u00e7\u00e3o.<\/p>\n\n\n\n<p>A ocorr\u00eancia foi apresentada na Central de Pol\u00edcia Judici\u00e1ria (CPJ) de Ourinhos, onde a Autoridade Policial, ap\u00f3s tomar ci\u00eancia dos fatos, ratificou a pris\u00e3o de Paulo E. S., que foi recolhido ao c\u00e1rcere, permanecendo \u00e0 disposi\u00e7\u00e3o da Justi\u00e7a.<\/p>\n\n\n\n<p>Esta a\u00e7\u00e3o refor\u00e7a o compromisso da Pol\u00edcia Militar e do 13\u00ba BAEP com a seguran\u00e7a p\u00fablica, atuando de forma eficiente na captura de indiv\u00edduos procurados pela justi\u00e7a e garantindo a aplica\u00e7\u00e3o da lei.<\/p>\n<input type=\"hidden\" id=\"baseurl\" value=\"https:\/\/noticiasregionais.com.br\"><input type=\"hidden\" id=\"audio_nonce\" value=\"533fbb67b1\">","protected":false},"excerpt":{"rendered":"<p>Na noite de quinta-feira, 13 de junho de 2024, a Equipe K9 do 13\u00ba Batalh\u00e3o de A\u00e7\u00f5es Especiais de Pol\u00edcia&hellip;<\/p>\n","protected":false},"author":1,"featured_media":1355,"comment_status":"closed","ping_status":"open","sticky":false,"template":"","format":"standard","meta":{"sfsi_plus_gutenberg_text_before_share":"","sfsi_plus_gutenberg_show_text_before_share":"","sfsi_plus_gutenberg_icon_type":"","sfsi_plus_gutenberg_icon_alignemt":"","sfsi_plus_gutenburg_max_per_row":"","footnotes":""},"categories":[6,10,1],"tags":[],"class_list":["post-3186","post","type-post","status-publish","format-standard","has-post-thumbnail","hentry","category-sao_paulo","category-destaques","category-noticias"],"_links":{"self":[{"href":"https:\/\/noticiasregionais.com.br\/index.php?rest_route=\/wp\/v2\/posts\/3186","targetHints":{"allow":["GET"]}}],"collection":[{"href":"https:\/\/noticiasregionais.com.br\/index.php?rest_route=\/wp\/v2\/posts"}],"about":[{"href":"https:\/\/noticiasregionais.com.br\/index.php?rest_route=\/wp\/v2\/types\/post"}],"author":[{"embeddable":true,"href":"https:\/\/noticiasregionais.com.br\/index.php?rest_route=\/wp\/v2\/users\/1"}],"replies":[{"embeddable":true,"href":"https:\/\/noticiasregionais.com.br\/index.php?rest_route=%2Fwp%2Fv2%2Fcomments&post=3186"}],"version-history":[{"count":1,"href":"https:\/\/noticiasregionais.com.br\/index.php?rest_route=\/wp\/v2\/posts\/3186\/revisions"}],"predecessor-version":[{"id":3187,"href":"https:\/\/noticiasregionais.com.br\/index.php?rest_route=\/wp\/v2\/posts\/3186\/revisions\/3187"}],"wp:featuredmedia":[{"embeddable":true,"href":"https:\/\/noticiasregionais.com.br\/index.php?rest_route=\/wp\/v2\/media\/1355"}],"wp:attachment":[{"href":"https:\/\/noticiasregionais.com.br\/index.php?rest_route=%2Fwp%2Fv2%2Fmedia&parent=3186"}],"wp:term":[{"taxonomy":"category","embeddable":true,"href":"https:\/\/noticiasregionais.com.br\/index.php?rest_route=%2Fwp%2Fv2%2Fcategories&post=3186"},{"taxonomy":"post_tag","embeddable":true,"href":"https:\/\/noticiasregionais.com.br\/index.php?rest_route=%2Fwp%2Fv2%2Ftags&post=3186"}],"curies":[{"name":"wp","href":"https:\/\/api.w.org\/{rel}","templated":true}]}}