{"id":3189,"date":"2024-06-14T07:27:27","date_gmt":"2024-06-14T10:27:27","guid":{"rendered":"https:\/\/noticiasregionais.com.br\/?p=3189"},"modified":"2024-06-14T07:27:38","modified_gmt":"2024-06-14T10:27:38","slug":"prf-apreende-7-toneladas-de-maconha-escondida-em-carga-de-racao-no-parana","status":"publish","type":"post","link":"https:\/\/noticiasregionais.com.br\/?p=3189","title":{"rendered":"PRF apreende 7 toneladas de maconha escondida em carga de ra\u00e7\u00e3o no Paran\u00e1"},"content":{"rendered":"\n<p>No final da tarde desta quinta-feira (13) de por volta das 18h, a Pol\u00edcia Rodovi\u00e1ria Federal (PRF) realizou apreens\u00e3o de maconha em um caminh\u00e3o estacionado em um posto de gasolina na PR 218, em Astorga-PR.<\/p>\n\n\n\n<p>A equipe da PRF foi acionada ap\u00f3s den\u00fancia, informando que um caminh\u00e3o Volvo de cor branca e semi-reboque vermelho estaria transportando il\u00edcitos, e que o mesmo estaria estacionado em um posto na PR218. Ao chegar ao local, os policiais visualizaram o ve\u00edculo e o motorista, de 42 anos, realizando reparos na cabine. Questionado sobre a carga, o motorista alegou estar transportando ra\u00e7\u00e3o de cachorros para o Rio de Janeiro.<\/p>\n\n\n\n<p>Ap\u00f3s a retirada da lona para verifica\u00e7\u00e3o, foi percebido um forte odor de maconha, e o motorista confessou que estava transportando maconha escondida por baixo dos sacos de ra\u00e7\u00e3o.<\/p>\n\n\n\n<p>Ap\u00f3s a pesagem, a droga totalizou 7.011 kg.<\/p>\n\n\n\n<p>O condutor foi preso em flagrante e a ocorr\u00eancia foi encaminhada para a Delegacia de Pol\u00edcia Civil de Astorga para os procedimentos cab\u00edveis.<\/p>\n\n\n<div class=\"wp-block-image\">\n<figure class=\"aligncenter size-large\"><img decoding=\"async\" width=\"768\" height=\"1024\" src=\"https:\/\/noticiasregionais.com.br\/wp-content\/uploads\/2024\/06\/WhatsApp-Image-2024-06-14-at-00.35.25-768x1024.jpeg\" alt=\"\" class=\"wp-image-3190\" srcset=\"https:\/\/noticiasregionais.com.br\/wp-content\/uploads\/2024\/06\/WhatsApp-Image-2024-06-14-at-00.35.25-768x1024.jpeg 768w, https:\/\/noticiasregionais.com.br\/wp-content\/uploads\/2024\/06\/WhatsApp-Image-2024-06-14-at-00.35.25-225x300.jpeg 225w, https:\/\/noticiasregionais.com.br\/wp-content\/uploads\/2024\/06\/WhatsApp-Image-2024-06-14-at-00.35.25-1152x1536.jpeg 1152w, https:\/\/noticiasregionais.com.br\/wp-content\/uploads\/2024\/06\/WhatsApp-Image-2024-06-14-at-00.35.25.jpeg 1200w\" sizes=\"(max-width: 768px) 100vw, 768px\" \/><\/figure>\n<\/div><input type=\"hidden\" id=\"baseurl\" value=\"https:\/\/noticiasregionais.com.br\"><input type=\"hidden\" id=\"audio_nonce\" value=\"533fbb67b1\">","protected":false},"excerpt":{"rendered":"<p>No final da tarde desta quinta-feira (13) de por volta das 18h, a Pol\u00edcia Rodovi\u00e1ria Federal (PRF) realizou apreens\u00e3o de&hellip;<\/p>\n","protected":false},"author":1,"featured_media":3191,"comment_status":"closed","ping_status":"open","sticky":false,"template":"","format":"standard","meta":{"sfsi_plus_gutenberg_text_before_share":"","sfsi_plus_gutenberg_show_text_before_share":"","sfsi_plus_gutenberg_icon_type":"","sfsi_plus_gutenberg_icon_alignemt":"","sfsi_plus_gutenburg_max_per_row":"","footnotes":""},"categories":[7,12,1],"tags":[],"class_list":["post-3189","post","type-post","status-publish","format-standard","has-post-thumbnail","hentry","category-parana","category-capa","category-noticias"],"_links":{"self":[{"href":"https:\/\/noticiasregionais.com.br\/index.php?rest_route=\/wp\/v2\/posts\/3189","targetHints":{"allow":["GET"]}}],"collection":[{"href":"https:\/\/noticiasregionais.com.br\/index.php?rest_route=\/wp\/v2\/posts"}],"about":[{"href":"https:\/\/noticiasregionais.com.br\/index.php?rest_route=\/wp\/v2\/types\/post"}],"author":[{"embeddable":true,"href":"https:\/\/noticiasregionais.com.br\/index.php?rest_route=\/wp\/v2\/users\/1"}],"replies":[{"embeddable":true,"href":"https:\/\/noticiasregionais.com.br\/index.php?rest_route=%2Fwp%2Fv2%2Fcomments&post=3189"}],"version-history":[{"count":1,"href":"https:\/\/noticiasregionais.com.br\/index.php?rest_route=\/wp\/v2\/posts\/3189\/revisions"}],"predecessor-version":[{"id":3192,"href":"https:\/\/noticiasregionais.com.br\/index.php?rest_route=\/wp\/v2\/posts\/3189\/revisions\/3192"}],"wp:featuredmedia":[{"embeddable":true,"href":"https:\/\/noticiasregionais.com.br\/index.php?rest_route=\/wp\/v2\/media\/3191"}],"wp:attachment":[{"href":"https:\/\/noticiasregionais.com.br\/index.php?rest_route=%2Fwp%2Fv2%2Fmedia&parent=3189"}],"wp:term":[{"taxonomy":"category","embeddable":true,"href":"https:\/\/noticiasregionais.com.br\/index.php?rest_route=%2Fwp%2Fv2%2Fcategories&post=3189"},{"taxonomy":"post_tag","embeddable":true,"href":"https:\/\/noticiasregionais.com.br\/index.php?rest_route=%2Fwp%2Fv2%2Ftags&post=3189"}],"curies":[{"name":"wp","href":"https:\/\/api.w.org\/{rel}","templated":true}]}}