{"id":3193,"date":"2024-06-14T07:43:21","date_gmt":"2024-06-14T10:43:21","guid":{"rendered":"https:\/\/noticiasregionais.com.br\/?p=3193"},"modified":"2024-06-14T07:43:25","modified_gmt":"2024-06-14T10:43:25","slug":"merenda-escolar-vai-parar-no-lixo-sendo-proibido-o-consumo-das-sobras-por-trabalhadores-da-educacao","status":"publish","type":"post","link":"https:\/\/noticiasregionais.com.br\/?p=3193","title":{"rendered":"Merenda escolar vai parar no lixo, sendo proibido o consumo das sobras por trabalhadores da educa\u00e7\u00e3o."},"content":{"rendered":"\n<p class=\"has-text-align-center\"><strong>Vereador Roberto Tasca reitera Requerimento solicitando autoriza\u00e7\u00e3o para que professores e servidores possam consumir a merenda, evitando o desperd\u00edcio de alimentos<\/strong><\/p>\n\n\n\n<p>Com o intuito de evitar o desperd\u00edcio de comida, o vereador Roberto Tasca apresentou o Requerimento n\u00ba 611\/2024 reiterando o Requerimento n\u00ba 1294\/2023, que solicita informa\u00e7\u00f5es sobre a possibilidade de se realizar um estudo\/projeto com o objetivo de autorizar o consumo de merenda escolar aos professores e demais servidores.<\/p>\n\n\n\n<p>\u201cNa verdade, apresentei esse Requerimento em 2021, 2022 e 2023. Temos a resposta de 2023, enviada pelo Secret\u00e1rio de Educa\u00e7\u00e3o e Vice-Prefeito, Lucas Suzuki, que dizia que se comprometiam a realizar estudos para averiguar a possibilidade de atendimento a t\u00edtulo de uso de recursos pr\u00f3prios do munic\u00edpio. O que estamos pedindo \u00e9 que o alimento, pois tem sobra, seja fornecido aos professores e funcion\u00e1rios das escolas\u201d, disse o vereador.<\/p>\n\n\n\n<p>Tasca contou que tem relatos de profissionais que passam mal por falta de alimenta\u00e7\u00e3o. \u201cS\u00e3o proibidos de comer, muitos professores n\u00e3o tem tempo de ir e voltar da resid\u00eancia, servidores moram longe dos locais de trabalho, ent\u00e3o poderiam fazer uso da alimenta\u00e7\u00e3o e isso criaria at\u00e9 um ambiente mais emp\u00e1tico, de professores comendo com os alunos\u201d.<\/p>\n\n\n\n<p>Por fim, Tasca ressaltou que est\u00e1 solicitando a a\u00e7\u00e3o h\u00e1 quatro anos. \u201cO Secret\u00e1rio Lucas Suzuki \u00e9 da \u00e1rea da educa\u00e7\u00e3o e poderia tentar atender o pedido e pararem de jogar comida fora\u201d.<\/p>\n<input type=\"hidden\" id=\"baseurl\" value=\"https:\/\/noticiasregionais.com.br\"><input type=\"hidden\" id=\"audio_nonce\" value=\"533fbb67b1\">","protected":false},"excerpt":{"rendered":"<p>Vereador Roberto Tasca reitera Requerimento solicitando autoriza\u00e7\u00e3o para que professores e servidores possam consumir a merenda, evitando o desperd\u00edcio de&hellip;<\/p>\n","protected":false},"author":1,"featured_media":3194,"comment_status":"closed","ping_status":"open","sticky":false,"template":"","format":"standard","meta":{"sfsi_plus_gutenberg_text_before_share":"","sfsi_plus_gutenberg_show_text_before_share":"","sfsi_plus_gutenberg_icon_type":"","sfsi_plus_gutenberg_icon_alignemt":"","sfsi_plus_gutenburg_max_per_row":"","footnotes":""},"categories":[10,1,5],"tags":[],"class_list":["post-3193","post","type-post","status-publish","format-standard","has-post-thumbnail","hentry","category-destaques","category-noticias","category-ourinhos"],"_links":{"self":[{"href":"https:\/\/noticiasregionais.com.br\/index.php?rest_route=\/wp\/v2\/posts\/3193","targetHints":{"allow":["GET"]}}],"collection":[{"href":"https:\/\/noticiasregionais.com.br\/index.php?rest_route=\/wp\/v2\/posts"}],"about":[{"href":"https:\/\/noticiasregionais.com.br\/index.php?rest_route=\/wp\/v2\/types\/post"}],"author":[{"embeddable":true,"href":"https:\/\/noticiasregionais.com.br\/index.php?rest_route=\/wp\/v2\/users\/1"}],"replies":[{"embeddable":true,"href":"https:\/\/noticiasregionais.com.br\/index.php?rest_route=%2Fwp%2Fv2%2Fcomments&post=3193"}],"version-history":[{"count":1,"href":"https:\/\/noticiasregionais.com.br\/index.php?rest_route=\/wp\/v2\/posts\/3193\/revisions"}],"predecessor-version":[{"id":3195,"href":"https:\/\/noticiasregionais.com.br\/index.php?rest_route=\/wp\/v2\/posts\/3193\/revisions\/3195"}],"wp:featuredmedia":[{"embeddable":true,"href":"https:\/\/noticiasregionais.com.br\/index.php?rest_route=\/wp\/v2\/media\/3194"}],"wp:attachment":[{"href":"https:\/\/noticiasregionais.com.br\/index.php?rest_route=%2Fwp%2Fv2%2Fmedia&parent=3193"}],"wp:term":[{"taxonomy":"category","embeddable":true,"href":"https:\/\/noticiasregionais.com.br\/index.php?rest_route=%2Fwp%2Fv2%2Fcategories&post=3193"},{"taxonomy":"post_tag","embeddable":true,"href":"https:\/\/noticiasregionais.com.br\/index.php?rest_route=%2Fwp%2Fv2%2Ftags&post=3193"}],"curies":[{"name":"wp","href":"https:\/\/api.w.org\/{rel}","templated":true}]}}