{"id":3196,"date":"2024-06-14T08:06:02","date_gmt":"2024-06-14T11:06:02","guid":{"rendered":"https:\/\/noticiasregionais.com.br\/?p=3196"},"modified":"2024-06-14T08:06:14","modified_gmt":"2024-06-14T11:06:14","slug":"unesp-inaugura-primeira-fabrica-da-america-latina-dedicada-a-produzir-amostras-de-biofarmacos-para-pesquisa-clinica","status":"publish","type":"post","link":"https:\/\/noticiasregionais.com.br\/?p=3196","title":{"rendered":"Unesp inaugura primeira f\u00e1brica da Am\u00e9rica Latina dedicada a produzir amostras de biof\u00e1rmacos para pesquisa cl\u00ednica"},"content":{"rendered":"\n<p class=\"has-text-align-center\"><strong>Com investimento de R$ 20 milh\u00f5es, complexo foi inaugurado em Botucatu (SP). Segundo especialistas, f\u00e1brica ser\u00e1 uma parceira valiosa para a ind\u00fastria farmac\u00eautica e de biotecnologia brasileira e latino-americana.<\/strong><\/p>\n\n\n\n<p>A Universidade Estadual Paulista (Unesp) inaugurou, nesta quinta-feira (13), a primeira f\u00e1brica da Am\u00e9rica Latina dedicada \u00e0 produ\u00e7\u00e3o de amostras de biof\u00e1rmacos para pesquisa cl\u00ednica, em Botucatu, no interior de S\u00e3o Paulo, as informa\u00e7\u00f5es s\u00e3o do <strong>G1 Bauru e Mar\u00edlia<\/strong>.<\/p>\n\n\n\n<p>O complexo prestar\u00e1 servi\u00e7os terceirizados de desenvolvimento e produ\u00e7\u00e3o de medicamentos para empresas farmac\u00eauticas, biotecnol\u00f3gicas e outras institui\u00e7\u00f5es de pesquisa, atuando como uma CDMO (sigla em ingl\u00eas para Organiza\u00e7\u00e3o de Desenvolvimento e Fabrica\u00e7\u00e3o sob Contrato), a primeira do pa\u00eds e da Am\u00e9rica Latina (entenda o que \u00e9 uma CDMO abaixo).<\/p>\n\n\n\n<p>Por meio de presta\u00e7\u00e3o de servi\u00e7os \u00e0 ind\u00fastria farmac\u00eautica, o local, al\u00e9m de atuar na produ\u00e7\u00e3o de lotes pilotos de biof\u00e1rmacos para ensaios cl\u00ednicos em um ambiente validado, abrigar\u00e1 tamb\u00e9m uma escola para o treinamento e capacita\u00e7\u00e3o profissional, al\u00e9m de espa\u00e7o destinado a startups de biotecnologia.<\/p>\n\n\n\n<p>Segundo o pesquisador e coordenador executivo do Centro de Estudos de Venenos e Animais (Cevap-Unesp), professor Rui Seabra Ferreira J\u00fanior, a ideia do centro \u00e9 reduzir custos e riscos para as empresas, aumentar a flexibilidade e a escalabilidade da produ\u00e7\u00e3o e garantir a qualidade e a conformidade na produ\u00e7\u00e3o dos lotes-piloto de medicamentos experimentais.<\/p>\n\n\n\n<p>&#8220;O desenvolvimento de um novo medicamento demora anos, 15, 20 anos\u2026 E esse aparelho vem justamente para acelerar esse processo, para trabalhar nas fase iniciais do desenvolvimento de medicamentos, produzindo os lotes pilotos para ensaios cl\u00ednicos, coisas que hoje n\u00e3o fazemos no pa\u00eds&#8221;, comenta.<\/p>\n\n\n\n<p>Ainda de acordo com o pesquisador, a unidade ter\u00e1 como foco a produ\u00e7\u00e3o de biof\u00e1rmacos, sobretudo os chamados anticorpos monoclonais \u2013 prote\u00ednas similares \u00e0s secretadas por c\u00e9lulas do sistema imune humano produzidas em laborat\u00f3rio para o diagn\u00f3stico e tratamento de diversas doen\u00e7as.<\/p>\n<input type=\"hidden\" id=\"baseurl\" value=\"https:\/\/noticiasregionais.com.br\"><input type=\"hidden\" id=\"audio_nonce\" value=\"533fbb67b1\">","protected":false},"excerpt":{"rendered":"<p>Com investimento de R$ 20 milh\u00f5es, complexo foi inaugurado em Botucatu (SP). Segundo especialistas, f\u00e1brica ser\u00e1 uma parceira valiosa para&hellip;<\/p>\n","protected":false},"author":1,"featured_media":3197,"comment_status":"closed","ping_status":"open","sticky":false,"template":"","format":"standard","meta":{"sfsi_plus_gutenberg_text_before_share":"","sfsi_plus_gutenberg_show_text_before_share":"","sfsi_plus_gutenberg_icon_type":"","sfsi_plus_gutenberg_icon_alignemt":"","sfsi_plus_gutenburg_max_per_row":"","footnotes":""},"categories":[6,10,1],"tags":[],"class_list":["post-3196","post","type-post","status-publish","format-standard","has-post-thumbnail","hentry","category-sao_paulo","category-destaques","category-noticias"],"_links":{"self":[{"href":"https:\/\/noticiasregionais.com.br\/index.php?rest_route=\/wp\/v2\/posts\/3196","targetHints":{"allow":["GET"]}}],"collection":[{"href":"https:\/\/noticiasregionais.com.br\/index.php?rest_route=\/wp\/v2\/posts"}],"about":[{"href":"https:\/\/noticiasregionais.com.br\/index.php?rest_route=\/wp\/v2\/types\/post"}],"author":[{"embeddable":true,"href":"https:\/\/noticiasregionais.com.br\/index.php?rest_route=\/wp\/v2\/users\/1"}],"replies":[{"embeddable":true,"href":"https:\/\/noticiasregionais.com.br\/index.php?rest_route=%2Fwp%2Fv2%2Fcomments&post=3196"}],"version-history":[{"count":1,"href":"https:\/\/noticiasregionais.com.br\/index.php?rest_route=\/wp\/v2\/posts\/3196\/revisions"}],"predecessor-version":[{"id":3198,"href":"https:\/\/noticiasregionais.com.br\/index.php?rest_route=\/wp\/v2\/posts\/3196\/revisions\/3198"}],"wp:featuredmedia":[{"embeddable":true,"href":"https:\/\/noticiasregionais.com.br\/index.php?rest_route=\/wp\/v2\/media\/3197"}],"wp:attachment":[{"href":"https:\/\/noticiasregionais.com.br\/index.php?rest_route=%2Fwp%2Fv2%2Fmedia&parent=3196"}],"wp:term":[{"taxonomy":"category","embeddable":true,"href":"https:\/\/noticiasregionais.com.br\/index.php?rest_route=%2Fwp%2Fv2%2Fcategories&post=3196"},{"taxonomy":"post_tag","embeddable":true,"href":"https:\/\/noticiasregionais.com.br\/index.php?rest_route=%2Fwp%2Fv2%2Ftags&post=3196"}],"curies":[{"name":"wp","href":"https:\/\/api.w.org\/{rel}","templated":true}]}}