{"id":3199,"date":"2024-06-17T07:57:51","date_gmt":"2024-06-17T10:57:51","guid":{"rendered":"https:\/\/noticiasregionais.com.br\/?p=3199"},"modified":"2024-06-17T07:58:03","modified_gmt":"2024-06-17T10:58:03","slug":"individuo-em-saida-temporaria-e-preso-por-trafico-de-drogas-em-ourinhos","status":"publish","type":"post","link":"https:\/\/noticiasregionais.com.br\/?p=3199","title":{"rendered":"Indiv\u00edduo em sa\u00edda tempor\u00e1ria \u00e9 preso por tr\u00e1fico de drogas em Ourinhos"},"content":{"rendered":"\n<p>Na madrugada de Domingo (16), a Pol\u00edcia Militar, por meio da Equipe K9 do 13\u00b0 Batalh\u00e3o de A\u00e7\u00f5es Especiais de Pol\u00edcia (BAEP), prendeu Leandro O. C., de 39 anos, por tr\u00e1fico de drogas em Ourinhos.<\/p>\n\n\n\n<p>A pris\u00e3o ocorreu ap\u00f3s a equipe do BAEP receber informa\u00e7\u00f5es de que um indiv\u00edduo, utilizando tornozeleira eletr\u00f4nica e beneficiado por uma Sa\u00edda Tempor\u00e1ria, estaria praticando tr\u00e1fico de drogas em sua resid\u00eancia. Ao chegarem ao local, os policiais fizeram contato com a moradora, que, ap\u00f3s ser informada da den\u00fancia por meio de uma grava\u00e7\u00e3o em v\u00eddeo, autorizou a entrada da equipe na casa.<\/p>\n\n\n\n<p>Dentro da resid\u00eancia, Leandro foi abordado e informado sobre a den\u00fancia. Ap\u00f3s ter seus direitos constitucionais garantidos, o suspeito confessou possuir certa quantidade de drogas. Ele tamb\u00e9m admitiu que os R$ 330,00 em dinheiro que carregava eram provenientes da venda de entorpecentes.<\/p>\n\n\n\n<p>A equipe realizou uma busca domiciliar com o aux\u00edlio de um c\u00e3o farejador, que indicou uma gaveta em um rack na sala da casa. No local, foi encontrada uma caixa de isopor contendo 11 por\u00e7\u00f5es de coca\u00edna (totalizando 16 gramas) e 6 por\u00e7\u00f5es de maconha (pesando 45 gramas).<\/p>\n\n\n\n<p>Leandro O. C. recebeu voz de pris\u00e3o pelo crime de tr\u00e1fico de drogas e foi conduzido, junto com as subst\u00e2ncias apreendidas, ao Plant\u00e3o Policial de Ourinhos, onde permaneceu \u00e0 disposi\u00e7\u00e3o da Justi\u00e7a.<\/p>\n<input type=\"hidden\" id=\"baseurl\" value=\"https:\/\/noticiasregionais.com.br\"><input type=\"hidden\" id=\"audio_nonce\" value=\"533fbb67b1\">","protected":false},"excerpt":{"rendered":"<p>Na madrugada de Domingo (16), a Pol\u00edcia Militar, por meio da Equipe K9 do 13\u00b0 Batalh\u00e3o de A\u00e7\u00f5es Especiais de&hellip;<\/p>\n","protected":false},"author":1,"featured_media":3200,"comment_status":"closed","ping_status":"open","sticky":false,"template":"","format":"standard","meta":{"sfsi_plus_gutenberg_text_before_share":"","sfsi_plus_gutenberg_show_text_before_share":"","sfsi_plus_gutenberg_icon_type":"","sfsi_plus_gutenberg_icon_alignemt":"","sfsi_plus_gutenburg_max_per_row":"","footnotes":""},"categories":[5,12,1],"tags":[],"class_list":["post-3199","post","type-post","status-publish","format-standard","has-post-thumbnail","hentry","category-ourinhos","category-capa","category-noticias"],"_links":{"self":[{"href":"https:\/\/noticiasregionais.com.br\/index.php?rest_route=\/wp\/v2\/posts\/3199","targetHints":{"allow":["GET"]}}],"collection":[{"href":"https:\/\/noticiasregionais.com.br\/index.php?rest_route=\/wp\/v2\/posts"}],"about":[{"href":"https:\/\/noticiasregionais.com.br\/index.php?rest_route=\/wp\/v2\/types\/post"}],"author":[{"embeddable":true,"href":"https:\/\/noticiasregionais.com.br\/index.php?rest_route=\/wp\/v2\/users\/1"}],"replies":[{"embeddable":true,"href":"https:\/\/noticiasregionais.com.br\/index.php?rest_route=%2Fwp%2Fv2%2Fcomments&post=3199"}],"version-history":[{"count":1,"href":"https:\/\/noticiasregionais.com.br\/index.php?rest_route=\/wp\/v2\/posts\/3199\/revisions"}],"predecessor-version":[{"id":3201,"href":"https:\/\/noticiasregionais.com.br\/index.php?rest_route=\/wp\/v2\/posts\/3199\/revisions\/3201"}],"wp:featuredmedia":[{"embeddable":true,"href":"https:\/\/noticiasregionais.com.br\/index.php?rest_route=\/wp\/v2\/media\/3200"}],"wp:attachment":[{"href":"https:\/\/noticiasregionais.com.br\/index.php?rest_route=%2Fwp%2Fv2%2Fmedia&parent=3199"}],"wp:term":[{"taxonomy":"category","embeddable":true,"href":"https:\/\/noticiasregionais.com.br\/index.php?rest_route=%2Fwp%2Fv2%2Fcategories&post=3199"},{"taxonomy":"post_tag","embeddable":true,"href":"https:\/\/noticiasregionais.com.br\/index.php?rest_route=%2Fwp%2Fv2%2Ftags&post=3199"}],"curies":[{"name":"wp","href":"https:\/\/api.w.org\/{rel}","templated":true}]}}