{"id":32,"date":"2023-08-31T22:42:08","date_gmt":"2023-09-01T01:42:08","guid":{"rendered":"https:\/\/noticiasregionais.com.br\/?p=32"},"modified":"2023-09-01T23:35:58","modified_gmt":"2023-09-02T02:35:58","slug":"denarc-apreende-12-tonelada-de-cocaina-avaliada-em-mais-de-r-30-milhoes","status":"publish","type":"post","link":"https:\/\/noticiasregionais.com.br\/?p=32","title":{"rendered":"Denarc apreende 1,2 tonelada de coca\u00edna avaliada em mais de R$ 30 milh\u00f5es"},"content":{"rendered":"\n<p>Policiais do Departamento Estadual de Preven\u00e7\u00e3o e Repress\u00e3o ao Narcotr\u00e1fico (Denarc) apreenderam mais de 1 tonelada de coca\u00edna pura na noite de ter\u00e7a-feira (29), em Guarulhos, Grande S\u00e3o Paulo.<\/p>\n\n\n\n<p>Investigadores faziam dilig\u00eancias pelo bairro Cidade Parque S\u00e3o Luiz quando localizaram um galp\u00e3o. Nas buscas dentro do im\u00f3vel foram encontradas 1.110 pe\u00e7as de coca\u00edna, que ultrapassou os 1.200 quilos da droga.<\/p>\n\n\n\n<p>No galp\u00e3o os policiais apreenderam tamb\u00e9m um caminh\u00e3o, provavelmente utilizado para o transporte do entorpecente, uma esteira e outros dois ve\u00edculos.<\/p>\n\n\n\n<p>Quatro homens que estavam no local foram presos em flagrante. O caso foi registrado na sede da 4\u00aa Delegacia de Pol\u00edcia da Divis\u00e3o de Investiga\u00e7\u00f5es sobre Entorpecentes (Dise), do Denarc.<\/p>\n\n\n\n<p>A droga \u00e9 avaliada em mais de R$ 30 milh\u00f5es no Brasil. Conforme as investiga\u00e7\u00f5es da equipe do Denarc, a coca\u00edna possivelmente seria levada para a Baixada Santista, no litoral do Estado. De l\u00e1, embarcaria em navios com destino \u00e0 Europa. Se chegasse ao exterior, o valor da venda do entorpecente poderia ultrapassar R$ 150 milh\u00f5es.&nbsp;<\/p>\n\n\n\n<p>&#8220;Isso \u00e9 continuidade do brilhante trabalho que a Pol\u00edcia Civil est\u00e1 fazendo asfixiando financeiramente o crime organizado&#8221;, afirmou o secret\u00e1rio da Seguran\u00e7a P\u00fablica de S\u00e3o Paulo, Guilherme Derrite.<\/p>\n\n\n\n<p><strong>Segunda grande apreens\u00e3o da semana<\/strong><\/p>\n\n\n\n<p>A apreens\u00e3o realizada ontem pelo Denarc foi a segunda desta semana em S\u00e3o Paulo.<\/p>\n\n\n\n<p>Na segunda-feira (28), investigadores do 2\u00ba Distrito Policial apreenderam 450 tijolos de coca\u00edna no Bom Retiro, na regi\u00e3o central da capital paulista. A droga, que totalizou quase meia tonelada, estava com um homem de 35 anos. O entorpecente seria distribu\u00eddo na regi\u00e3o da Cracol\u00e2ndia.<\/p>\n\n\n\n<p>O homem foi preso em flagrante por tr\u00e1fico de drogas. Al\u00e9m da droga, tamb\u00e9m foram apreendidos tr\u00eas aparelhos celulares. O caso foi registrado no 2\u00ba Distrito Policial do Bom Retiro.<\/p>\n<input type=\"hidden\" id=\"baseurl\" value=\"https:\/\/noticiasregionais.com.br\"><input type=\"hidden\" id=\"audio_nonce\" value=\"533fbb67b1\">","protected":false},"excerpt":{"rendered":"<p>Policiais do Departamento Estadual de Preven\u00e7\u00e3o e Repress\u00e3o ao Narcotr\u00e1fico (Denarc) apreenderam mais de 1 tonelada de coca\u00edna pura na&hellip;<\/p>\n","protected":false},"author":1,"featured_media":33,"comment_status":"closed","ping_status":"open","sticky":false,"template":"","format":"standard","meta":{"sfsi_plus_gutenberg_text_before_share":"","sfsi_plus_gutenberg_show_text_before_share":"","sfsi_plus_gutenberg_icon_type":"","sfsi_plus_gutenberg_icon_alignemt":"","sfsi_plus_gutenburg_max_per_row":"","footnotes":""},"categories":[12,1,6],"tags":[],"class_list":["post-32","post","type-post","status-publish","format-standard","has-post-thumbnail","hentry","category-capa","category-noticias","category-sao_paulo"],"_links":{"self":[{"href":"https:\/\/noticiasregionais.com.br\/index.php?rest_route=\/wp\/v2\/posts\/32","targetHints":{"allow":["GET"]}}],"collection":[{"href":"https:\/\/noticiasregionais.com.br\/index.php?rest_route=\/wp\/v2\/posts"}],"about":[{"href":"https:\/\/noticiasregionais.com.br\/index.php?rest_route=\/wp\/v2\/types\/post"}],"author":[{"embeddable":true,"href":"https:\/\/noticiasregionais.com.br\/index.php?rest_route=\/wp\/v2\/users\/1"}],"replies":[{"embeddable":true,"href":"https:\/\/noticiasregionais.com.br\/index.php?rest_route=%2Fwp%2Fv2%2Fcomments&post=32"}],"version-history":[{"count":1,"href":"https:\/\/noticiasregionais.com.br\/index.php?rest_route=\/wp\/v2\/posts\/32\/revisions"}],"predecessor-version":[{"id":34,"href":"https:\/\/noticiasregionais.com.br\/index.php?rest_route=\/wp\/v2\/posts\/32\/revisions\/34"}],"wp:featuredmedia":[{"embeddable":true,"href":"https:\/\/noticiasregionais.com.br\/index.php?rest_route=\/wp\/v2\/media\/33"}],"wp:attachment":[{"href":"https:\/\/noticiasregionais.com.br\/index.php?rest_route=%2Fwp%2Fv2%2Fmedia&parent=32"}],"wp:term":[{"taxonomy":"category","embeddable":true,"href":"https:\/\/noticiasregionais.com.br\/index.php?rest_route=%2Fwp%2Fv2%2Fcategories&post=32"},{"taxonomy":"post_tag","embeddable":true,"href":"https:\/\/noticiasregionais.com.br\/index.php?rest_route=%2Fwp%2Fv2%2Ftags&post=32"}],"curies":[{"name":"wp","href":"https:\/\/api.w.org\/{rel}","templated":true}]}}