{"id":320,"date":"2023-09-09T19:43:48","date_gmt":"2023-09-09T22:43:48","guid":{"rendered":"https:\/\/noticiasregionais.com.br\/?p=320"},"modified":"2023-09-09T19:43:48","modified_gmt":"2023-09-09T22:43:48","slug":"ladrao-abusado-invade-base-da-pm-rodoviaria-para-furtar-na-regiao","status":"publish","type":"post","link":"https:\/\/noticiasregionais.com.br\/?p=320","title":{"rendered":"Ladr\u00e3o &#8216;abusado&#8217; invade base da PM Rodovi\u00e1ria para furtar na regi\u00e3o"},"content":{"rendered":"\n<p>Um ladr\u00e3o abusado aproveitou o momento em que equipes policiais atendiam ocorr\u00eancias e invadiu a base da Pol\u00edcia Militar Rodovi\u00e1ria de Piraju\u00ed (163 quil\u00f4metros de Ourinhos), que fica na altura do quil\u00f4metro 395 mais 200 metros da rodovia Marechal Rondon (SP-300), para praticar furtos. As a\u00e7\u00f5es foram registradas por c\u00e2meras de seguran\u00e7a e o suspeito, de 29 anos, j\u00e1 foi identificado.<\/p>\n\n\n\n<p>Os crimes ocorreram na tarde desta sexta-feira (8). Ap\u00f3s invadir o pr\u00e9dio em duas ocasi\u00f5es distintas, o homem furtou tr\u00eas l\u00e2mpadas fluorescentes de Led, que ficavam no banheiro e no corredor. Com base nas imagens, o suspeito foi identificado e um inqu\u00e9rito foi instaurado para apurar o caso. O homem, com v\u00e1rias passagens por furto, ser\u00e1 intimado para prestar depoimento.<\/p>\n<input type=\"hidden\" id=\"baseurl\" value=\"https:\/\/noticiasregionais.com.br\"><input type=\"hidden\" id=\"audio_nonce\" value=\"533fbb67b1\">","protected":false},"excerpt":{"rendered":"<p>Um ladr\u00e3o abusado aproveitou o momento em que equipes policiais atendiam ocorr\u00eancias e invadiu a base da Pol\u00edcia Militar Rodovi\u00e1ria&hellip;<\/p>\n","protected":false},"author":1,"featured_media":321,"comment_status":"closed","ping_status":"open","sticky":false,"template":"","format":"standard","meta":{"sfsi_plus_gutenberg_text_before_share":"","sfsi_plus_gutenberg_show_text_before_share":"","sfsi_plus_gutenberg_icon_type":"","sfsi_plus_gutenberg_icon_alignemt":"","sfsi_plus_gutenburg_max_per_row":"","footnotes":""},"categories":[6,12,1],"tags":[],"class_list":["post-320","post","type-post","status-publish","format-standard","has-post-thumbnail","hentry","category-sao_paulo","category-capa","category-noticias"],"_links":{"self":[{"href":"https:\/\/noticiasregionais.com.br\/index.php?rest_route=\/wp\/v2\/posts\/320","targetHints":{"allow":["GET"]}}],"collection":[{"href":"https:\/\/noticiasregionais.com.br\/index.php?rest_route=\/wp\/v2\/posts"}],"about":[{"href":"https:\/\/noticiasregionais.com.br\/index.php?rest_route=\/wp\/v2\/types\/post"}],"author":[{"embeddable":true,"href":"https:\/\/noticiasregionais.com.br\/index.php?rest_route=\/wp\/v2\/users\/1"}],"replies":[{"embeddable":true,"href":"https:\/\/noticiasregionais.com.br\/index.php?rest_route=%2Fwp%2Fv2%2Fcomments&post=320"}],"version-history":[{"count":1,"href":"https:\/\/noticiasregionais.com.br\/index.php?rest_route=\/wp\/v2\/posts\/320\/revisions"}],"predecessor-version":[{"id":322,"href":"https:\/\/noticiasregionais.com.br\/index.php?rest_route=\/wp\/v2\/posts\/320\/revisions\/322"}],"wp:featuredmedia":[{"embeddable":true,"href":"https:\/\/noticiasregionais.com.br\/index.php?rest_route=\/wp\/v2\/media\/321"}],"wp:attachment":[{"href":"https:\/\/noticiasregionais.com.br\/index.php?rest_route=%2Fwp%2Fv2%2Fmedia&parent=320"}],"wp:term":[{"taxonomy":"category","embeddable":true,"href":"https:\/\/noticiasregionais.com.br\/index.php?rest_route=%2Fwp%2Fv2%2Fcategories&post=320"},{"taxonomy":"post_tag","embeddable":true,"href":"https:\/\/noticiasregionais.com.br\/index.php?rest_route=%2Fwp%2Fv2%2Ftags&post=320"}],"curies":[{"name":"wp","href":"https:\/\/api.w.org\/{rel}","templated":true}]}}