{"id":3202,"date":"2024-06-17T08:11:52","date_gmt":"2024-06-17T11:11:52","guid":{"rendered":"https:\/\/noticiasregionais.com.br\/?p=3202"},"modified":"2024-06-17T08:11:55","modified_gmt":"2024-06-17T11:11:55","slug":"tragedia-na-br-153-policial-militar-perde-a-vida-em-acidente-de-moto-em-jacarezinho","status":"publish","type":"post","link":"https:\/\/noticiasregionais.com.br\/?p=3202","title":{"rendered":"Trag\u00e9dia na BR-153: Policial militar perde a vida em acidente de moto em Jacarezinho"},"content":{"rendered":"\n<p class=\"has-text-align-center\"><strong>O policial militar M\u00e1rcio Trajano, de 36 anos, morreu ap\u00f3s sofrer um acidente na BR-153, em Jacarezinho, no Norte Pioneiro do Paran\u00e1<\/strong><\/p>\n\n\n\n<p>O policial militar M\u00e1rcio Trajano, de 36 anos, morreu ap\u00f3s sofrer um acidente na BR-153, em Jacarezinho, no Norte Pioneiro do Paran\u00e1. Ele colidiu a motocicleta que pilotava com um caminh\u00e3o que sa\u00eda de um posto de combust\u00edveis no final da tarde de s\u00e1bado (15). De acordo com a Pol\u00edcia Rodovi\u00e1ria Federal (PRF), o soldado da Pol\u00edcia Militar (PM) foi socorrido e encaminhado ao pronto-socorro de Jacarezinho, mas n\u00e3o resistiu aos graves ferimentos da batida.<br>Segundo a PRF, M\u00e1rcio trafegava com sua moto particular em dire\u00e7\u00e3o a Santo Ant\u00f4nio da Platina, cidade em que residia, quando colidiu contra a lateral do caminh\u00e3o que acessava a rodovia. as circunst\u00e2ncias do acidente ser\u00e3o investigadas pela Pol\u00edcia Rodovi\u00e1ria.<\/p>\n\n\n\n<figure class=\"wp-block-image size-large\"><img decoding=\"async\" width=\"1024\" height=\"579\" src=\"https:\/\/noticiasregionais.com.br\/wp-content\/uploads\/2024\/06\/Marcio-Trajano-1024x579.jpg\" alt=\"\" class=\"wp-image-3203\" srcset=\"https:\/\/noticiasregionais.com.br\/wp-content\/uploads\/2024\/06\/Marcio-Trajano-1024x579.jpg 1024w, https:\/\/noticiasregionais.com.br\/wp-content\/uploads\/2024\/06\/Marcio-Trajano-300x170.jpg 300w, https:\/\/noticiasregionais.com.br\/wp-content\/uploads\/2024\/06\/Marcio-Trajano-768x434.jpg 768w, https:\/\/noticiasregionais.com.br\/wp-content\/uploads\/2024\/06\/Marcio-Trajano.jpg 1043w\" sizes=\"(max-width: 1024px) 100vw, 1024px\" \/><\/figure>\n\n\n\n<p>A morte do soldado da\u00a0<a href=\"https:\/\/www.pmpr.pr.gov.br\/\" target=\"_blank\" rel=\"noreferrer noopener\">PM<\/a>, que deixa esposa e tr\u00eas filhas pequenas, causa como\u00e7\u00e3o entre os platinenses. O cantor Antony Corr\u00eaa, da dupla Antony e Gabriel, postou uma homenagem ao amigo de inf\u00e2ncia em suas redes sociais.<\/p>\n<input type=\"hidden\" id=\"baseurl\" value=\"https:\/\/noticiasregionais.com.br\"><input type=\"hidden\" id=\"audio_nonce\" value=\"533fbb67b1\">","protected":false},"excerpt":{"rendered":"<p>O policial militar M\u00e1rcio Trajano, de 36 anos, morreu ap\u00f3s sofrer um acidente na BR-153, em Jacarezinho, no Norte Pioneiro&hellip;<\/p>\n","protected":false},"author":1,"featured_media":3204,"comment_status":"closed","ping_status":"open","sticky":false,"template":"","format":"standard","meta":{"sfsi_plus_gutenberg_text_before_share":"","sfsi_plus_gutenberg_show_text_before_share":"","sfsi_plus_gutenberg_icon_type":"","sfsi_plus_gutenberg_icon_alignemt":"","sfsi_plus_gutenburg_max_per_row":"","footnotes":""},"categories":[7,10,1],"tags":[],"class_list":["post-3202","post","type-post","status-publish","format-standard","has-post-thumbnail","hentry","category-parana","category-destaques","category-noticias"],"_links":{"self":[{"href":"https:\/\/noticiasregionais.com.br\/index.php?rest_route=\/wp\/v2\/posts\/3202","targetHints":{"allow":["GET"]}}],"collection":[{"href":"https:\/\/noticiasregionais.com.br\/index.php?rest_route=\/wp\/v2\/posts"}],"about":[{"href":"https:\/\/noticiasregionais.com.br\/index.php?rest_route=\/wp\/v2\/types\/post"}],"author":[{"embeddable":true,"href":"https:\/\/noticiasregionais.com.br\/index.php?rest_route=\/wp\/v2\/users\/1"}],"replies":[{"embeddable":true,"href":"https:\/\/noticiasregionais.com.br\/index.php?rest_route=%2Fwp%2Fv2%2Fcomments&post=3202"}],"version-history":[{"count":1,"href":"https:\/\/noticiasregionais.com.br\/index.php?rest_route=\/wp\/v2\/posts\/3202\/revisions"}],"predecessor-version":[{"id":3205,"href":"https:\/\/noticiasregionais.com.br\/index.php?rest_route=\/wp\/v2\/posts\/3202\/revisions\/3205"}],"wp:featuredmedia":[{"embeddable":true,"href":"https:\/\/noticiasregionais.com.br\/index.php?rest_route=\/wp\/v2\/media\/3204"}],"wp:attachment":[{"href":"https:\/\/noticiasregionais.com.br\/index.php?rest_route=%2Fwp%2Fv2%2Fmedia&parent=3202"}],"wp:term":[{"taxonomy":"category","embeddable":true,"href":"https:\/\/noticiasregionais.com.br\/index.php?rest_route=%2Fwp%2Fv2%2Fcategories&post=3202"},{"taxonomy":"post_tag","embeddable":true,"href":"https:\/\/noticiasregionais.com.br\/index.php?rest_route=%2Fwp%2Fv2%2Ftags&post=3202"}],"curies":[{"name":"wp","href":"https:\/\/api.w.org\/{rel}","templated":true}]}}