{"id":3209,"date":"2024-06-18T09:12:25","date_gmt":"2024-06-18T12:12:25","guid":{"rendered":"https:\/\/noticiasregionais.com.br\/?p=3209"},"modified":"2024-06-18T09:12:27","modified_gmt":"2024-06-18T12:12:27","slug":"dolar-e-euro-renovam-seus-recordes-de-alta","status":"publish","type":"post","link":"https:\/\/noticiasregionais.com.br\/?p=3209","title":{"rendered":"D\u00f3lar e euro renovam seus recordes de alta"},"content":{"rendered":"\n<p class=\"has-text-align-center\"><strong>Cen\u00e1rio externo e preocupa\u00e7\u00f5es no Brasil explicam a desvaloriza\u00e7\u00e3o do real<\/strong><\/p>\n\n\n\n<p>O c\u00e2mbio do real em rela\u00e7\u00e3o ao d\u00f3lar e ao euro bateu um novo recorde na \u00faltima segunda-feira (17). Os fatores externos, da alta dos juros americanos, influencia a sa\u00edda de d\u00f3lares &#8211; n\u00e3o apenas no Brasil, mas em todos os emergentes. Entretanto, h\u00e1 muitos motivos dom\u00e9sticos que elevam os valores das moedas.&nbsp;<\/p>\n\n\n\n<p>Em publica\u00e7\u00e3o do boletim Focus, pelo Banco Central, h\u00e1 previs\u00e3o de maior infla\u00e7\u00e3o para o Brasil, bem como de maiores taxas de c\u00e2mbio. Com isso, prev\u00ea-se um menor crescimento do produto interno bruto (PIB). O mercado tamb\u00e9m est\u00e1 tenso com a decis\u00e3o do Comit\u00ea de Pol\u00edtica Monet\u00e1ria, o Copom, na pr\u00f3xima quarta-feira (19), sobre a Selic, que corresponde aos juros b\u00e1sicos da economia. A expectativa \u00e9 que os juros n\u00e3o caiam mais.&nbsp;<\/p>\n\n\n\n<p>Como pano de fundo, est\u00e1 a incerteza quanto ao cumprimento das metas fiscais do governo. O d\u00f3lar comercial est\u00e1 cotado a R$ 5,43 &#8211; quase 0,90% mais caro que o \u00faltimo fechamento. J\u00e1 o pre\u00e7o do euro est\u00e1 1,00% maior, a R$ 5,82.&nbsp;<\/p>\n\n\n\n<p>As cota\u00e7\u00f5es s\u00e3o da companhia <a href=\"https:\/\/www.google.com\/intl\/en-BR\/googlefinance\/disclaimer\/\" target=\"_blank\" rel=\"noopener\">Morningstar<\/a>.&nbsp;<br>&nbsp;<\/p>\n\n\n\n<p>Fonte: <a href=\"https:\/\/brasil61.com\/n\/dolar-e-euro-renovam-seus-recordes-de-alta-bras2411897?email=fxmendes2012@gmail.com&amp;utm_source=newsletter&amp;utm_medium=newsletter&amp;utm_campaign=newsletter\" target=\"_blank\" rel=\"noreferrer noopener\">Brasil 61<\/a><\/p>\n<input type=\"hidden\" id=\"baseurl\" value=\"https:\/\/noticiasregionais.com.br\"><input type=\"hidden\" id=\"audio_nonce\" value=\"533fbb67b1\">","protected":false},"excerpt":{"rendered":"<p>Cen\u00e1rio externo e preocupa\u00e7\u00f5es no Brasil explicam a desvaloriza\u00e7\u00e3o do real O c\u00e2mbio do real em rela\u00e7\u00e3o ao d\u00f3lar e&hellip;<\/p>\n","protected":false},"author":1,"featured_media":3210,"comment_status":"closed","ping_status":"open","sticky":false,"template":"","format":"standard","meta":{"sfsi_plus_gutenberg_text_before_share":"","sfsi_plus_gutenberg_show_text_before_share":"","sfsi_plus_gutenberg_icon_type":"","sfsi_plus_gutenberg_icon_alignemt":"","sfsi_plus_gutenburg_max_per_row":"","footnotes":""},"categories":[8,10,1],"tags":[],"class_list":["post-3209","post","type-post","status-publish","format-standard","has-post-thumbnail","hentry","category-brasil","category-destaques","category-noticias"],"_links":{"self":[{"href":"https:\/\/noticiasregionais.com.br\/index.php?rest_route=\/wp\/v2\/posts\/3209","targetHints":{"allow":["GET"]}}],"collection":[{"href":"https:\/\/noticiasregionais.com.br\/index.php?rest_route=\/wp\/v2\/posts"}],"about":[{"href":"https:\/\/noticiasregionais.com.br\/index.php?rest_route=\/wp\/v2\/types\/post"}],"author":[{"embeddable":true,"href":"https:\/\/noticiasregionais.com.br\/index.php?rest_route=\/wp\/v2\/users\/1"}],"replies":[{"embeddable":true,"href":"https:\/\/noticiasregionais.com.br\/index.php?rest_route=%2Fwp%2Fv2%2Fcomments&post=3209"}],"version-history":[{"count":1,"href":"https:\/\/noticiasregionais.com.br\/index.php?rest_route=\/wp\/v2\/posts\/3209\/revisions"}],"predecessor-version":[{"id":3211,"href":"https:\/\/noticiasregionais.com.br\/index.php?rest_route=\/wp\/v2\/posts\/3209\/revisions\/3211"}],"wp:featuredmedia":[{"embeddable":true,"href":"https:\/\/noticiasregionais.com.br\/index.php?rest_route=\/wp\/v2\/media\/3210"}],"wp:attachment":[{"href":"https:\/\/noticiasregionais.com.br\/index.php?rest_route=%2Fwp%2Fv2%2Fmedia&parent=3209"}],"wp:term":[{"taxonomy":"category","embeddable":true,"href":"https:\/\/noticiasregionais.com.br\/index.php?rest_route=%2Fwp%2Fv2%2Fcategories&post=3209"},{"taxonomy":"post_tag","embeddable":true,"href":"https:\/\/noticiasregionais.com.br\/index.php?rest_route=%2Fwp%2Fv2%2Ftags&post=3209"}],"curies":[{"name":"wp","href":"https:\/\/api.w.org\/{rel}","templated":true}]}}