{"id":3213,"date":"2024-06-18T14:43:53","date_gmt":"2024-06-18T17:43:53","guid":{"rendered":"https:\/\/noticiasregionais.com.br\/?p=3213"},"modified":"2024-06-18T14:44:05","modified_gmt":"2024-06-18T17:44:05","slug":"enquanto-a-fapi-torrava-milhoes-sr-antonio-ficou-uma-semana-aguardando-vaga-e-agora-faleceu","status":"publish","type":"post","link":"https:\/\/noticiasregionais.com.br\/?p=3213","title":{"rendered":"Enquanto a FAPI torrava milh\u00f5es, Sr Ant\u00f4nio ficou uma semana aguardando vaga e agora faleceu"},"content":{"rendered":"\n<p>A cidade de Ourinhos foi tocada por uma hist\u00f3ria comovente nesta semana. O senhor Ant\u00f4nio Matheus, que ficou um longo per\u00edodo aguardando transfer\u00eancia na Unidade de Pronto Atendimento (UPA) local, acabou falecendo na Santa Casa.<\/p>\n\n\n\n<p>Ap\u00f3s uma semana de internamento, Ant\u00f4nio, que sofria de desnutri\u00e7\u00e3o e pneumonia grave, n\u00e3o resistiu. Um familiar, profundamente abalado, compartilhou um desabafo nas redes sociais que rapidamente se espalhou pela comunidade.<\/p>\n\n\n\n<p>&#8220;Muito obrigado a todos que ajudaram nos compartilhamentos, que ajudaram na parte de transfer\u00eancia do seu Ant\u00f4nio Matheus. Ele descansou agora, n\u00e3o tem mais sofrimento nem dor&#8221;, escreveu o familiar em um post que emocionou muitos moradores de Ourinhos.<\/p>\n\n\n\n<p>Entretanto, o mesmo familiar expressou uma cr\u00edtica contundente ao sistema de sa\u00fade p\u00fablica. &#8220;Mas mesmo com toda ajuda eu ainda acho que foi muito descaso. Ele ficou uma semana para ser transferido para a Santa Casa com desnutri\u00e7\u00e3o e pneumonia grave&#8221;, desabafou.<\/p>\n\n\n\n<p>O post reflete um sentimento de indigna\u00e7\u00e3o com a situa\u00e7\u00e3o da sa\u00fade p\u00fablica. &#8220;Infelizmente nossas vidas n\u00e3o est\u00e3o valendo mais nada, somos jogados em um canto. S\u00f3 temos que pedir a Deus para fazer o melhor porque esperar pela nossa sa\u00fade p\u00fablica \u00e9 esperar para morrer&#8221;, concluiu o familiar, demonstrando a dor e frustra\u00e7\u00e3o sentidas.<\/p>\n\n\n\n<p>Este caso tr\u00e1gico ganha ainda mais relev\u00e2ncia ao ser contextualizado com os recentes gastos da prefeitura municipal de Ourinhos. Durante o \u00faltimo final de semana, a administra\u00e7\u00e3o local gastou aproximadamente 10 milh\u00f5es de reais em uma festa de cinco dias, que contou com tr\u00eas shows a cada noite. Estes eventos, com artistas de renome e altos cach\u00eas, contrastam fortemente com a situa\u00e7\u00e3o prec\u00e1ria da sa\u00fade p\u00fablica na cidade.<\/p>\n\n\n\n<p>Al\u00e9m dos altos custos, a festa gerou in\u00fameras reclama\u00e7\u00f5es de perturba\u00e7\u00e3o do sossego, com m\u00fasica alta tocando at\u00e9 as 5 da manh\u00e3 e incomodando uma parte significativa da popula\u00e7\u00e3o. Muitos moradores expressaram sua insatisfa\u00e7\u00e3o nas redes sociais, questionando a prioridade dada a eventos festivos em detrimento de investimentos em \u00e1reas essenciais como a sa\u00fade.<\/p>\n\n\n\n<p>A situa\u00e7\u00e3o de Ant\u00f4nio Matheus \u00e9 um triste exemplo das dificuldades enfrentadas por muitos brasileiros que dependem do sistema p\u00fablico de sa\u00fade. A comunidade de Ourinhos se solidariza com a fam\u00edlia e espera que este caso sirva de alerta para as autoridades sobre a necessidade urgente de melhorias na sa\u00fade p\u00fablica, especialmente em tempos onde o gasto p\u00fablico parece desproporcional \u00e0s necessidades reais da popula\u00e7\u00e3o.<\/p>\n\n\n<div class=\"wp-block-image\">\n<figure class=\"aligncenter size-full\"><img decoding=\"async\" width=\"635\" height=\"591\" src=\"https:\/\/noticiasregionais.com.br\/wp-content\/uploads\/2024\/06\/Sr-Antonio.jpg\" alt=\"\" class=\"wp-image-3214\" srcset=\"https:\/\/noticiasregionais.com.br\/wp-content\/uploads\/2024\/06\/Sr-Antonio.jpg 635w, https:\/\/noticiasregionais.com.br\/wp-content\/uploads\/2024\/06\/Sr-Antonio-300x279.jpg 300w\" sizes=\"(max-width: 635px) 100vw, 635px\" \/><\/figure>\n<\/div><input type=\"hidden\" id=\"baseurl\" value=\"https:\/\/noticiasregionais.com.br\"><input type=\"hidden\" id=\"audio_nonce\" value=\"533fbb67b1\">","protected":false},"excerpt":{"rendered":"<p>A cidade de Ourinhos foi tocada por uma hist\u00f3ria comovente nesta semana. O senhor Ant\u00f4nio Matheus, que ficou um longo&hellip;<\/p>\n","protected":false},"author":1,"featured_media":3215,"comment_status":"closed","ping_status":"open","sticky":false,"template":"","format":"standard","meta":{"sfsi_plus_gutenberg_text_before_share":"","sfsi_plus_gutenberg_show_text_before_share":"","sfsi_plus_gutenberg_icon_type":"","sfsi_plus_gutenberg_icon_alignemt":"","sfsi_plus_gutenburg_max_per_row":"","footnotes":""},"categories":[5,12,1],"tags":[],"class_list":["post-3213","post","type-post","status-publish","format-standard","has-post-thumbnail","hentry","category-ourinhos","category-capa","category-noticias"],"_links":{"self":[{"href":"https:\/\/noticiasregionais.com.br\/index.php?rest_route=\/wp\/v2\/posts\/3213","targetHints":{"allow":["GET"]}}],"collection":[{"href":"https:\/\/noticiasregionais.com.br\/index.php?rest_route=\/wp\/v2\/posts"}],"about":[{"href":"https:\/\/noticiasregionais.com.br\/index.php?rest_route=\/wp\/v2\/types\/post"}],"author":[{"embeddable":true,"href":"https:\/\/noticiasregionais.com.br\/index.php?rest_route=\/wp\/v2\/users\/1"}],"replies":[{"embeddable":true,"href":"https:\/\/noticiasregionais.com.br\/index.php?rest_route=%2Fwp%2Fv2%2Fcomments&post=3213"}],"version-history":[{"count":1,"href":"https:\/\/noticiasregionais.com.br\/index.php?rest_route=\/wp\/v2\/posts\/3213\/revisions"}],"predecessor-version":[{"id":3216,"href":"https:\/\/noticiasregionais.com.br\/index.php?rest_route=\/wp\/v2\/posts\/3213\/revisions\/3216"}],"wp:featuredmedia":[{"embeddable":true,"href":"https:\/\/noticiasregionais.com.br\/index.php?rest_route=\/wp\/v2\/media\/3215"}],"wp:attachment":[{"href":"https:\/\/noticiasregionais.com.br\/index.php?rest_route=%2Fwp%2Fv2%2Fmedia&parent=3213"}],"wp:term":[{"taxonomy":"category","embeddable":true,"href":"https:\/\/noticiasregionais.com.br\/index.php?rest_route=%2Fwp%2Fv2%2Fcategories&post=3213"},{"taxonomy":"post_tag","embeddable":true,"href":"https:\/\/noticiasregionais.com.br\/index.php?rest_route=%2Fwp%2Fv2%2Ftags&post=3213"}],"curies":[{"name":"wp","href":"https:\/\/api.w.org\/{rel}","templated":true}]}}