{"id":3217,"date":"2024-06-19T07:55:36","date_gmt":"2024-06-19T10:55:36","guid":{"rendered":"https:\/\/noticiasregionais.com.br\/?p=3217"},"modified":"2024-06-19T07:55:48","modified_gmt":"2024-06-19T10:55:48","slug":"fies-instituicoes-tem-ate-quinta-feira-20-para-participar-desta-edicao-alerta-mec","status":"publish","type":"post","link":"https:\/\/noticiasregionais.com.br\/?p=3217","title":{"rendered":"Fies: institui\u00e7\u00f5es t\u00eam at\u00e9 quinta-feira (20) para participar desta edi\u00e7\u00e3o, alerta MEC"},"content":{"rendered":"\n<p class=\"has-text-align-center\"><strong>O per\u00edodo para corre\u00e7\u00e3o das informa\u00e7\u00f5es registradas no sistema vai de 21 a 25 de junho<\/strong><\/p>\n\n\n\n<p>As mantenedoras das institui\u00e7\u00f5es de educa\u00e7\u00e3o superior (IES) que desejam participar do processo de oferta e ocupa\u00e7\u00e3o de vagas remanescentes do Fundo de Financiamento Estudantil (Fies) para o primeiro semestre de 2024 precisam manifestar seu interesse at\u00e9 quarta-feira (20). O per\u00edodo para retifica\u00e7\u00e3o das informa\u00e7\u00f5es registradas no sistema ocorrer\u00e1 de 21 a 25 de junho. As informa\u00e7\u00f5es foram divulgadas pelo Minist\u00e9rio da Educa\u00e7\u00e3o (MEC).<\/p>\n\n\n\n<p>As institui\u00e7\u00f5es devem assinar o termo de participa\u00e7\u00e3o no processo de oferta e ocupa\u00e7\u00e3o de vagas remanescentes atrav\u00e9s do Sistema Informatizado do Fies (Sisfies), no m\u00f3dulo &#8220;FiesOferta&#8221;. A mantenedora deve obrigatoriamente informar as vagas dispon\u00edveis para cada curso, turno e local de oferta at\u00e9 quarta-feira (20).<\/p>\n\n\n\n<p>Isaac Marra, mestre em hist\u00f3ria social pela Universidade de Bras\u00edlia (UnB) e coordenador do Col\u00e9gio Militar em Bras\u00edlia, aponta que o Fies \u00e9 um instrumento &#8220;essencial&#8221; para oferecer igualdade de oportunidade.&nbsp;Assim, estudantes de baixa renda podem ingressar no ensino superior.<\/p>\n\n\n\n<p>&#8220;Representa uma oportunidade \u00edmpar, uma oportunidade \u00fanica, de transforma\u00e7\u00e3o social, qualifica\u00e7\u00e3o social e econ\u00f4mica. Acaba se tornando uma pol\u00edtica p\u00fablica de prioridade. Uma prioriza\u00e7\u00e3o que garante que esses estudantes, sobretudo os mais vulner\u00e1veis socialmente, tenham acesso preferencial \u00e9 o financiamento educacional&#8221;, pontua.<\/p>\n\n\n\n<h2 class=\"wp-block-heading\">Estudantes<\/h2>\n\n\n\n<p>Os estudantes interessados em aderir ao Fies t\u00eam uma nova chance de&nbsp;conseguir ingressar no programa. As inscri\u00e7\u00f5es para as vagas remanescentes referentes ao primeiro semestre de 2024 v\u00e3o de 27 de junho at\u00e9 o dia 1\u00ba de julho.<\/p>\n\n\n\n<p>Isaac Marra informa que essas vagas s\u00e3o destinadas exclusivamente aos estudantes que est\u00e3o matriculados no curso, turno e local de oferta para os quais se inscreveram.<\/p>\n\n\n\n<p>&#8220;O estudante que ser\u00e1 beneficiado por essa din\u00e2mica deve&nbsp;atentar especialmente aos prazos de inser\u00e7\u00e3o das informa\u00e7\u00f5es, de coleta de documenta\u00e7\u00e3o, bem como garantir um bom rendimento escolar&#8221;, destaca.<\/p>\n\n\n\n<p>Os candidatos devem, ainda, cumprir cumulativamente os requisitos:<\/p>\n\n\n\n<ul class=\"wp-block-list\">\n<li>\u00c9 obrigat\u00f3rio que os candidatos estejam em situa\u00e7\u00e3o de \u201ccursando\u201d no momento da inscri\u00e7\u00e3o ou\u00a0ter cursado o referido semestre com aproveitamento em pelo menos 75% das disciplinas \u2013\u00a0caso o\u00a0semestre j\u00e1 tenha sido encerrado;<\/li>\n\n\n\n<li>Ter participado do Exame Nacional do Ensino M\u00e9dio (Enem) a partir da edi\u00e7\u00e3o de 2010;<\/li>\n\n\n\n<li>Possua renda familiar mensal bruta per capita de at\u00e9 3\u00a0sal\u00e1rios m\u00ednimos.<\/li>\n<\/ul>\n\n\n\n<p><strong>Leia mais:<\/strong><\/p>\n\n\n\n<p><a href=\"https:\/\/brasil61.com\/n\/fies-estudantes-podem-se-candidatar-a-vagas-remanescentes-a-partir-de-27-de-junho-bras2411876\" target=\"_blank\" rel=\"noopener\">Fies: estudantes podem se candidatar a vagas remanescentes a partir de 27 de junho<\/a><\/p>\n\n\n\n<p>Fonte: <a href=\"https:\/\/brasil61.com\/n\/fies-instituicoes-tem-ate-quinta-feira-20-para-participar-desta-edicao-alerta-mec-bras2411902\" target=\"_blank\" rel=\"noreferrer noopener\">Brasil 61<\/a><\/p>\n<input type=\"hidden\" id=\"baseurl\" value=\"https:\/\/noticiasregionais.com.br\"><input type=\"hidden\" id=\"audio_nonce\" value=\"533fbb67b1\">","protected":false},"excerpt":{"rendered":"<p>O per\u00edodo para corre\u00e7\u00e3o das informa\u00e7\u00f5es registradas no sistema vai de 21 a 25 de junho As mantenedoras das institui\u00e7\u00f5es&hellip;<\/p>\n","protected":false},"author":1,"featured_media":3218,"comment_status":"closed","ping_status":"open","sticky":false,"template":"","format":"standard","meta":{"sfsi_plus_gutenberg_text_before_share":"","sfsi_plus_gutenberg_show_text_before_share":"","sfsi_plus_gutenberg_icon_type":"","sfsi_plus_gutenberg_icon_alignemt":"","sfsi_plus_gutenburg_max_per_row":"","footnotes":""},"categories":[8,10,1],"tags":[],"class_list":["post-3217","post","type-post","status-publish","format-standard","has-post-thumbnail","hentry","category-brasil","category-destaques","category-noticias"],"_links":{"self":[{"href":"https:\/\/noticiasregionais.com.br\/index.php?rest_route=\/wp\/v2\/posts\/3217","targetHints":{"allow":["GET"]}}],"collection":[{"href":"https:\/\/noticiasregionais.com.br\/index.php?rest_route=\/wp\/v2\/posts"}],"about":[{"href":"https:\/\/noticiasregionais.com.br\/index.php?rest_route=\/wp\/v2\/types\/post"}],"author":[{"embeddable":true,"href":"https:\/\/noticiasregionais.com.br\/index.php?rest_route=\/wp\/v2\/users\/1"}],"replies":[{"embeddable":true,"href":"https:\/\/noticiasregionais.com.br\/index.php?rest_route=%2Fwp%2Fv2%2Fcomments&post=3217"}],"version-history":[{"count":1,"href":"https:\/\/noticiasregionais.com.br\/index.php?rest_route=\/wp\/v2\/posts\/3217\/revisions"}],"predecessor-version":[{"id":3219,"href":"https:\/\/noticiasregionais.com.br\/index.php?rest_route=\/wp\/v2\/posts\/3217\/revisions\/3219"}],"wp:featuredmedia":[{"embeddable":true,"href":"https:\/\/noticiasregionais.com.br\/index.php?rest_route=\/wp\/v2\/media\/3218"}],"wp:attachment":[{"href":"https:\/\/noticiasregionais.com.br\/index.php?rest_route=%2Fwp%2Fv2%2Fmedia&parent=3217"}],"wp:term":[{"taxonomy":"category","embeddable":true,"href":"https:\/\/noticiasregionais.com.br\/index.php?rest_route=%2Fwp%2Fv2%2Fcategories&post=3217"},{"taxonomy":"post_tag","embeddable":true,"href":"https:\/\/noticiasregionais.com.br\/index.php?rest_route=%2Fwp%2Fv2%2Ftags&post=3217"}],"curies":[{"name":"wp","href":"https:\/\/api.w.org\/{rel}","templated":true}]}}