{"id":3220,"date":"2024-06-19T08:07:51","date_gmt":"2024-06-19T11:07:51","guid":{"rendered":"https:\/\/noticiasregionais.com.br\/?p=3220"},"modified":"2024-06-19T08:08:02","modified_gmt":"2024-06-19T11:08:02","slug":"prf-retira-de-circulacao-carga-de-drogas-que-poderia-render-mais-de-6-milhoes-ao-trafico","status":"publish","type":"post","link":"https:\/\/noticiasregionais.com.br\/?p=3220","title":{"rendered":"PRF retira de circula\u00e7\u00e3o carga de drogas que poderia render mais de 6 milh\u00f5es ao tr\u00e1fico"},"content":{"rendered":"\n<p class=\"has-text-align-center\"><strong>Os 54 quilos de pasta base de coca\u00edna foram localizados em Ourinhos, distribu\u00eddos em dois ve\u00edculos.<\/strong><\/p>\n\n\n\n<p>No dia 17\/06\/2024 \u00e0s 02:00 em fiscaliza\u00e7\u00e3o pela opera\u00e7\u00e3o CONATUS na cidade de Ourinhos foram abordados dois ve\u00edculos. Os ocupantes dos carros s\u00e3o bolivianos e iniciaram a viagem nesse pa\u00eds, sendo que o primeiro veio de Cochabamba e o segundo de Santa Cruz de L\u00e1 Sierra.<\/p>\n\n\n\n<p>Ap\u00f3s entrevista com os ocupantes dos ve\u00edculos foram utilizados os K9 Roma, Quazar e Thina para realizarem as buscas. Todos os c\u00e3es mudaram de comportamento na parte de tr\u00e1s interna pr\u00f3ximo da \u00faltima fileira de bancos dos ve\u00edculos, indicando as laterias. Ao realizar a desmontagem dessas partes dos ve\u00edculos foram encontrados v\u00e1rios tabletes envoltos com fita parda contendo subst\u00e2ncia com colora\u00e7\u00e3o e odor semelhantes \u00e0 pasta base de coca\u00edna.<\/p>\n\n\n\n<p>Cada ve\u00edculo continha 25 tabletes, e o somat\u00f3rio total foi de aproximadamente 54 kg da droga. Vale ressaltar, que ambos os ve\u00edculos j\u00e1 tinham sido abordados duas vezes no mesmo deslocamento, a primeira em Corumb\u00e1 e a segunda em Campo Grande, no entanto, os entorpecentes n\u00e3o foram localizados.<\/p>\n\n\n\n<p>Diante dos fatos, foi dada voz de pris\u00e3o ao motorista e todos foram encaminhados a delegacia da Pol\u00edcia Federal de Mar\u00edlia.&nbsp; &nbsp;<\/p>\n<input type=\"hidden\" id=\"baseurl\" value=\"https:\/\/noticiasregionais.com.br\"><input type=\"hidden\" id=\"audio_nonce\" value=\"296231ceac\">","protected":false},"excerpt":{"rendered":"<p>Os 54 quilos de pasta base de coca\u00edna foram localizados em Ourinhos, distribu\u00eddos em dois ve\u00edculos. No dia 17\/06\/2024 \u00e0s&hellip;<\/p>\n","protected":false},"author":1,"featured_media":3221,"comment_status":"closed","ping_status":"open","sticky":false,"template":"","format":"standard","meta":{"sfsi_plus_gutenberg_text_before_share":"","sfsi_plus_gutenberg_show_text_before_share":"","sfsi_plus_gutenberg_icon_type":"","sfsi_plus_gutenberg_icon_alignemt":"","sfsi_plus_gutenburg_max_per_row":"","footnotes":""},"categories":[5,12,1],"tags":[],"class_list":["post-3220","post","type-post","status-publish","format-standard","has-post-thumbnail","hentry","category-ourinhos","category-capa","category-noticias"],"_links":{"self":[{"href":"https:\/\/noticiasregionais.com.br\/index.php?rest_route=\/wp\/v2\/posts\/3220","targetHints":{"allow":["GET"]}}],"collection":[{"href":"https:\/\/noticiasregionais.com.br\/index.php?rest_route=\/wp\/v2\/posts"}],"about":[{"href":"https:\/\/noticiasregionais.com.br\/index.php?rest_route=\/wp\/v2\/types\/post"}],"author":[{"embeddable":true,"href":"https:\/\/noticiasregionais.com.br\/index.php?rest_route=\/wp\/v2\/users\/1"}],"replies":[{"embeddable":true,"href":"https:\/\/noticiasregionais.com.br\/index.php?rest_route=%2Fwp%2Fv2%2Fcomments&post=3220"}],"version-history":[{"count":1,"href":"https:\/\/noticiasregionais.com.br\/index.php?rest_route=\/wp\/v2\/posts\/3220\/revisions"}],"predecessor-version":[{"id":3222,"href":"https:\/\/noticiasregionais.com.br\/index.php?rest_route=\/wp\/v2\/posts\/3220\/revisions\/3222"}],"wp:featuredmedia":[{"embeddable":true,"href":"https:\/\/noticiasregionais.com.br\/index.php?rest_route=\/wp\/v2\/media\/3221"}],"wp:attachment":[{"href":"https:\/\/noticiasregionais.com.br\/index.php?rest_route=%2Fwp%2Fv2%2Fmedia&parent=3220"}],"wp:term":[{"taxonomy":"category","embeddable":true,"href":"https:\/\/noticiasregionais.com.br\/index.php?rest_route=%2Fwp%2Fv2%2Fcategories&post=3220"},{"taxonomy":"post_tag","embeddable":true,"href":"https:\/\/noticiasregionais.com.br\/index.php?rest_route=%2Fwp%2Fv2%2Ftags&post=3220"}],"curies":[{"name":"wp","href":"https:\/\/api.w.org\/{rel}","templated":true}]}}