{"id":3229,"date":"2024-06-24T15:03:26","date_gmt":"2024-06-24T18:03:26","guid":{"rendered":"https:\/\/noticiasregionais.com.br\/?p=3229"},"modified":"2024-06-24T15:03:38","modified_gmt":"2024-06-24T18:03:38","slug":"cipa-da-prefeitura-de-ourinhos-realizou-campanha-de-doacao-de-sangue","status":"publish","type":"post","link":"https:\/\/noticiasregionais.com.br\/?p=3229","title":{"rendered":"CIPA da Prefeitura de Ourinhos realizou campanha de doa\u00e7\u00e3o de sangue"},"content":{"rendered":"\n<p>As Comiss\u00f5es Internas de Preven\u00e7\u00e3o de Acidentes e de Ass\u00e9dios (CIPA) dos setores de Sa\u00fade, Administra\u00e7\u00e3o, Educa\u00e7\u00e3o e Operacional da Prefeitura de Ourinhos promoveram no dia 13 de junho a campanha de doa\u00e7\u00e3o de sangue, que envolveu servidores p\u00fablicos e as CIPAs das empresas da cidade.<\/p>\n\n\n\n<p>A campanha teve como principal objetivo aumentar os estoques de sangue do Banco de Sangue de Ourinhos, que atende a cidade e a regi\u00e3o, garantindo que todos que necessitem de transfus\u00f5es possam ser atendidos prontamente.<\/p>\n<input type=\"hidden\" id=\"baseurl\" value=\"https:\/\/noticiasregionais.com.br\"><input type=\"hidden\" id=\"audio_nonce\" value=\"533fbb67b1\">","protected":false},"excerpt":{"rendered":"<p>As Comiss\u00f5es Internas de Preven\u00e7\u00e3o de Acidentes e de Ass\u00e9dios (CIPA) dos setores de Sa\u00fade, Administra\u00e7\u00e3o, Educa\u00e7\u00e3o e Operacional da&hellip;<\/p>\n","protected":false},"author":1,"featured_media":3230,"comment_status":"closed","ping_status":"open","sticky":false,"template":"","format":"standard","meta":{"sfsi_plus_gutenberg_text_before_share":"","sfsi_plus_gutenberg_show_text_before_share":"","sfsi_plus_gutenberg_icon_type":"","sfsi_plus_gutenberg_icon_alignemt":"","sfsi_plus_gutenburg_max_per_row":"","footnotes":""},"categories":[5,10,1],"tags":[],"class_list":["post-3229","post","type-post","status-publish","format-standard","has-post-thumbnail","hentry","category-ourinhos","category-destaques","category-noticias"],"_links":{"self":[{"href":"https:\/\/noticiasregionais.com.br\/index.php?rest_route=\/wp\/v2\/posts\/3229","targetHints":{"allow":["GET"]}}],"collection":[{"href":"https:\/\/noticiasregionais.com.br\/index.php?rest_route=\/wp\/v2\/posts"}],"about":[{"href":"https:\/\/noticiasregionais.com.br\/index.php?rest_route=\/wp\/v2\/types\/post"}],"author":[{"embeddable":true,"href":"https:\/\/noticiasregionais.com.br\/index.php?rest_route=\/wp\/v2\/users\/1"}],"replies":[{"embeddable":true,"href":"https:\/\/noticiasregionais.com.br\/index.php?rest_route=%2Fwp%2Fv2%2Fcomments&post=3229"}],"version-history":[{"count":1,"href":"https:\/\/noticiasregionais.com.br\/index.php?rest_route=\/wp\/v2\/posts\/3229\/revisions"}],"predecessor-version":[{"id":3231,"href":"https:\/\/noticiasregionais.com.br\/index.php?rest_route=\/wp\/v2\/posts\/3229\/revisions\/3231"}],"wp:featuredmedia":[{"embeddable":true,"href":"https:\/\/noticiasregionais.com.br\/index.php?rest_route=\/wp\/v2\/media\/3230"}],"wp:attachment":[{"href":"https:\/\/noticiasregionais.com.br\/index.php?rest_route=%2Fwp%2Fv2%2Fmedia&parent=3229"}],"wp:term":[{"taxonomy":"category","embeddable":true,"href":"https:\/\/noticiasregionais.com.br\/index.php?rest_route=%2Fwp%2Fv2%2Fcategories&post=3229"},{"taxonomy":"post_tag","embeddable":true,"href":"https:\/\/noticiasregionais.com.br\/index.php?rest_route=%2Fwp%2Fv2%2Ftags&post=3229"}],"curies":[{"name":"wp","href":"https:\/\/api.w.org\/{rel}","templated":true}]}}