{"id":3232,"date":"2024-06-24T15:10:33","date_gmt":"2024-06-24T18:10:33","guid":{"rendered":"https:\/\/noticiasregionais.com.br\/?p=3232"},"modified":"2024-06-24T15:10:38","modified_gmt":"2024-06-24T18:10:38","slug":"adolescente-apreendida-e-carro-apreendido-com-drogas-e-dinheiro-na-vila-musa-ourinhos","status":"publish","type":"post","link":"https:\/\/noticiasregionais.com.br\/?p=3232","title":{"rendered":"Adolescente apreendida e carro apreendido com drogas e dinheiro na Vila Musa, Ourinhos"},"content":{"rendered":"\n<p>Uma opera\u00e7\u00e3o policial realizada na tarde do \u00faltimo s\u00e1bado (22) na Vila Musa, em Ourinhos, resultou na apreens\u00e3o de uma adolescente e de um ve\u00edculo com drogas e dinheiro.<\/p>\n\n\n\n<p>Policiais do 31\u00ba BPM\/I avistaram um ve\u00edculo em atitude suspeita e tentaram abordar o carro, mas o condutor desobedeceu \u00e0 ordem de parada e fugiu pelas ruas da cidade e pela Rodovia Raposo Tavares. A fuga terminou em um canavial, onde o ve\u00edculo foi abandonado e a adolescente foi apreendida.<\/p>\n\n\n\n<p>Durante a fuga, um tijolo de maconha foi arremessado pela janela do carro. A droga, al\u00e9m de R$ 10,00 em dinheiro e um celular, foram apreendidos com a adolescente.<\/p>\n\n\n\n<p>Em depoimento, a menor infratora forneceu informa\u00e7\u00f5es sobre seus comparsas, que conseguiram escapar. A ocorr\u00eancia foi registrada na Central de Pol\u00edcia Judici\u00e1ria como &#8220;Tr\u00e1fico de drogas (ato infracional) \/ Associa\u00e7\u00e3o para o Tr\u00e1fico \/ Dire\u00e7\u00e3o Perigosa \/ Corrup\u00e7\u00e3o de Menor&#8221;. A adolescente permanece apreendida.<\/p>\n<input type=\"hidden\" id=\"baseurl\" value=\"https:\/\/noticiasregionais.com.br\"><input type=\"hidden\" id=\"audio_nonce\" value=\"533fbb67b1\">","protected":false},"excerpt":{"rendered":"<p>Uma opera\u00e7\u00e3o policial realizada na tarde do \u00faltimo s\u00e1bado (22) na Vila Musa, em Ourinhos, resultou na apreens\u00e3o de uma&hellip;<\/p>\n","protected":false},"author":1,"featured_media":3233,"comment_status":"closed","ping_status":"open","sticky":false,"template":"","format":"standard","meta":{"sfsi_plus_gutenberg_text_before_share":"","sfsi_plus_gutenberg_show_text_before_share":"","sfsi_plus_gutenberg_icon_type":"","sfsi_plus_gutenberg_icon_alignemt":"","sfsi_plus_gutenburg_max_per_row":"","footnotes":""},"categories":[5,10,1],"tags":[],"class_list":["post-3232","post","type-post","status-publish","format-standard","has-post-thumbnail","hentry","category-ourinhos","category-destaques","category-noticias"],"_links":{"self":[{"href":"https:\/\/noticiasregionais.com.br\/index.php?rest_route=\/wp\/v2\/posts\/3232","targetHints":{"allow":["GET"]}}],"collection":[{"href":"https:\/\/noticiasregionais.com.br\/index.php?rest_route=\/wp\/v2\/posts"}],"about":[{"href":"https:\/\/noticiasregionais.com.br\/index.php?rest_route=\/wp\/v2\/types\/post"}],"author":[{"embeddable":true,"href":"https:\/\/noticiasregionais.com.br\/index.php?rest_route=\/wp\/v2\/users\/1"}],"replies":[{"embeddable":true,"href":"https:\/\/noticiasregionais.com.br\/index.php?rest_route=%2Fwp%2Fv2%2Fcomments&post=3232"}],"version-history":[{"count":1,"href":"https:\/\/noticiasregionais.com.br\/index.php?rest_route=\/wp\/v2\/posts\/3232\/revisions"}],"predecessor-version":[{"id":3234,"href":"https:\/\/noticiasregionais.com.br\/index.php?rest_route=\/wp\/v2\/posts\/3232\/revisions\/3234"}],"wp:featuredmedia":[{"embeddable":true,"href":"https:\/\/noticiasregionais.com.br\/index.php?rest_route=\/wp\/v2\/media\/3233"}],"wp:attachment":[{"href":"https:\/\/noticiasregionais.com.br\/index.php?rest_route=%2Fwp%2Fv2%2Fmedia&parent=3232"}],"wp:term":[{"taxonomy":"category","embeddable":true,"href":"https:\/\/noticiasregionais.com.br\/index.php?rest_route=%2Fwp%2Fv2%2Fcategories&post=3232"},{"taxonomy":"post_tag","embeddable":true,"href":"https:\/\/noticiasregionais.com.br\/index.php?rest_route=%2Fwp%2Fv2%2Ftags&post=3232"}],"curies":[{"name":"wp","href":"https:\/\/api.w.org\/{rel}","templated":true}]}}