{"id":3235,"date":"2024-06-24T15:17:21","date_gmt":"2024-06-24T18:17:21","guid":{"rendered":"https:\/\/noticiasregionais.com.br\/?p=3235"},"modified":"2024-06-24T15:18:03","modified_gmt":"2024-06-24T18:18:03","slug":"homem-em-fuga-da-policia-e-preso-com-crack-e-cocaina-em-ourinhos","status":"publish","type":"post","link":"https:\/\/noticiasregionais.com.br\/?p=3235","title":{"rendered":"Homem em fuga da pol\u00edcia \u00e9 preso com crack e coca\u00edna em Ourinhos"},"content":{"rendered":"\n<p>Um homem em fuga da pol\u00edcia foi preso em flagrante na madrugada do \u00faltimo s\u00e1bado (22) no bairro Recanto dos P\u00e1ssaros, em Ourinhos. O indiv\u00edduo, que j\u00e1 havia cumprido pena por outros crimes, foi detido com 38g de crack e 1g de coca\u00edna.<\/p>\n\n\n\n<p>Uma equipe de For\u00e7a T\u00e1tica do 31\u00ba BPM\/I realizava patrulhamento na regi\u00e3o quando avistou um ve\u00edculo em atitude suspeita. Ao tentar abordar o carro, o condutor acelerou e fugiu pelas ruas do bairro. Durante a fuga, o homem arremessou pela janela do carro um inv\u00f3lucro contendo as drogas.<\/p>\n\n\n\n<p>Os policiais perseguiram o ve\u00edculo por alguns quil\u00f4metros at\u00e9 conseguir intercept\u00e1-lo. O homem foi preso em flagrante e as drogas, que haviam sido arremessadas pela janela, foram localizadas e apreendidas.<\/p>\n\n\n\n<p>O indiv\u00edduo, que j\u00e1 era conhecido da pol\u00edcia por outros crimes relacionados ao tr\u00e1fico de drogas, foi levado para a Central de Pol\u00edcia Judici\u00e1ria, onde permaneceu preso \u00e0 disposi\u00e7\u00e3o da Justi\u00e7a.<\/p>\n<input type=\"hidden\" id=\"baseurl\" value=\"https:\/\/noticiasregionais.com.br\"><input type=\"hidden\" id=\"audio_nonce\" value=\"533fbb67b1\">","protected":false},"excerpt":{"rendered":"<p>Um homem em fuga da pol\u00edcia foi preso em flagrante na madrugada do \u00faltimo s\u00e1bado (22) no bairro Recanto dos&hellip;<\/p>\n","protected":false},"author":1,"featured_media":3236,"comment_status":"closed","ping_status":"open","sticky":false,"template":"","format":"standard","meta":{"sfsi_plus_gutenberg_text_before_share":"","sfsi_plus_gutenberg_show_text_before_share":"","sfsi_plus_gutenberg_icon_type":"","sfsi_plus_gutenberg_icon_alignemt":"","sfsi_plus_gutenburg_max_per_row":"","footnotes":""},"categories":[5,12,1],"tags":[],"class_list":["post-3235","post","type-post","status-publish","format-standard","has-post-thumbnail","hentry","category-ourinhos","category-capa","category-noticias"],"_links":{"self":[{"href":"https:\/\/noticiasregionais.com.br\/index.php?rest_route=\/wp\/v2\/posts\/3235","targetHints":{"allow":["GET"]}}],"collection":[{"href":"https:\/\/noticiasregionais.com.br\/index.php?rest_route=\/wp\/v2\/posts"}],"about":[{"href":"https:\/\/noticiasregionais.com.br\/index.php?rest_route=\/wp\/v2\/types\/post"}],"author":[{"embeddable":true,"href":"https:\/\/noticiasregionais.com.br\/index.php?rest_route=\/wp\/v2\/users\/1"}],"replies":[{"embeddable":true,"href":"https:\/\/noticiasregionais.com.br\/index.php?rest_route=%2Fwp%2Fv2%2Fcomments&post=3235"}],"version-history":[{"count":1,"href":"https:\/\/noticiasregionais.com.br\/index.php?rest_route=\/wp\/v2\/posts\/3235\/revisions"}],"predecessor-version":[{"id":3237,"href":"https:\/\/noticiasregionais.com.br\/index.php?rest_route=\/wp\/v2\/posts\/3235\/revisions\/3237"}],"wp:featuredmedia":[{"embeddable":true,"href":"https:\/\/noticiasregionais.com.br\/index.php?rest_route=\/wp\/v2\/media\/3236"}],"wp:attachment":[{"href":"https:\/\/noticiasregionais.com.br\/index.php?rest_route=%2Fwp%2Fv2%2Fmedia&parent=3235"}],"wp:term":[{"taxonomy":"category","embeddable":true,"href":"https:\/\/noticiasregionais.com.br\/index.php?rest_route=%2Fwp%2Fv2%2Fcategories&post=3235"},{"taxonomy":"post_tag","embeddable":true,"href":"https:\/\/noticiasregionais.com.br\/index.php?rest_route=%2Fwp%2Fv2%2Ftags&post=3235"}],"curies":[{"name":"wp","href":"https:\/\/api.w.org\/{rel}","templated":true}]}}