{"id":3238,"date":"2024-06-23T15:23:00","date_gmt":"2024-06-23T18:23:00","guid":{"rendered":"https:\/\/noticiasregionais.com.br\/?p=3238"},"modified":"2024-06-24T15:24:58","modified_gmt":"2024-06-24T18:24:58","slug":"policia-militar-prende-traficante-de-drogas-em-operacao-conjunta","status":"publish","type":"post","link":"https:\/\/noticiasregionais.com.br\/?p=3238","title":{"rendered":"Pol\u00edcia Militar Prende Traficante de Drogas em Opera\u00e7\u00e3o Conjunta"},"content":{"rendered":"\n<p>Em uma opera\u00e7\u00e3o conjunta entre a equipe K9 do 13\u00b0 BAEP e o Policiamento Rodovi\u00e1rio, um indiv\u00edduo foi preso por tr\u00e1fico de drogas na Rodovia Orlando Quagliato, km 28+400, nesta quinta-feira (20), \u00e0s 08h25.<\/p>\n\n\n\n<p>A opera\u00e7\u00e3o visava combater o tr\u00e1fico de armas e drogas em \u00f4nibus interestaduais. Durante a abordagem ao \u00f4nibus da linha Ponta Por\u00e3\/MS a S\u00e3o Paulo\/SP, um c\u00e3o farejador indicou um passageiro suspeito. Na busca pessoal, foram encontrados 1,6 kg de maconha do tipo skank junto ao corpo e na bagagem do indiv\u00edduo.<\/p>\n\n\n\n<p>O suspeito e as drogas foram encaminhados \u00e0 Central de Pol\u00edcia Judici\u00e1ria de Ourinhos, onde o delegado de plant\u00e3o formalizou a apreens\u00e3o e o infrator ficou \u00e0 disposi\u00e7\u00e3o da Justi\u00e7a.<\/p>\n\n\n\n<figure class=\"wp-block-gallery has-nested-images columns-default is-cropped wp-block-gallery-1 is-layout-flex wp-block-gallery-is-layout-flex\">\n<figure class=\"wp-block-image size-large\"><a href=\"https:\/\/noticiasregionais.com.br\/wp-content\/uploads\/2024\/06\/WhatsApp-Image-2024-06-21-at-11.14.13.jpeg\"><img decoding=\"async\" width=\"528\" height=\"507\" data-id=\"3241\" src=\"https:\/\/noticiasregionais.com.br\/wp-content\/uploads\/2024\/06\/WhatsApp-Image-2024-06-21-at-11.14.13.jpeg\" alt=\"\" class=\"wp-image-3241\" srcset=\"https:\/\/noticiasregionais.com.br\/wp-content\/uploads\/2024\/06\/WhatsApp-Image-2024-06-21-at-11.14.13.jpeg 528w, https:\/\/noticiasregionais.com.br\/wp-content\/uploads\/2024\/06\/WhatsApp-Image-2024-06-21-at-11.14.13-300x288.jpeg 300w\" sizes=\"(max-width: 528px) 100vw, 528px\" \/><\/a><\/figure>\n\n\n\n<figure class=\"wp-block-image size-large\"><a href=\"https:\/\/noticiasregionais.com.br\/wp-content\/uploads\/2024\/06\/WhatsApp-Image-2024-06-21-at-11.13.16.jpeg\"><img decoding=\"async\" width=\"1024\" height=\"768\" data-id=\"3239\" src=\"https:\/\/noticiasregionais.com.br\/wp-content\/uploads\/2024\/06\/WhatsApp-Image-2024-06-21-at-11.13.16-1024x768.jpeg\" alt=\"\" class=\"wp-image-3239\" srcset=\"https:\/\/noticiasregionais.com.br\/wp-content\/uploads\/2024\/06\/WhatsApp-Image-2024-06-21-at-11.13.16-1024x768.jpeg 1024w, https:\/\/noticiasregionais.com.br\/wp-content\/uploads\/2024\/06\/WhatsApp-Image-2024-06-21-at-11.13.16-300x225.jpeg 300w, https:\/\/noticiasregionais.com.br\/wp-content\/uploads\/2024\/06\/WhatsApp-Image-2024-06-21-at-11.13.16-768x576.jpeg 768w, https:\/\/noticiasregionais.com.br\/wp-content\/uploads\/2024\/06\/WhatsApp-Image-2024-06-21-at-11.13.16-1536x1152.jpeg 1536w, https:\/\/noticiasregionais.com.br\/wp-content\/uploads\/2024\/06\/WhatsApp-Image-2024-06-21-at-11.13.16.jpeg 1600w\" sizes=\"(max-width: 1024px) 100vw, 1024px\" \/><\/a><\/figure>\n\n\n\n<figure class=\"wp-block-image size-large\"><a href=\"https:\/\/noticiasregionais.com.br\/wp-content\/uploads\/2024\/06\/WhatsApp-Image-2024-06-21-at-11.13.34.jpeg\"><img decoding=\"async\" width=\"768\" height=\"1024\" data-id=\"3240\" src=\"https:\/\/noticiasregionais.com.br\/wp-content\/uploads\/2024\/06\/WhatsApp-Image-2024-06-21-at-11.13.34-768x1024.jpeg\" alt=\"\" class=\"wp-image-3240\" srcset=\"https:\/\/noticiasregionais.com.br\/wp-content\/uploads\/2024\/06\/WhatsApp-Image-2024-06-21-at-11.13.34-768x1024.jpeg 768w, https:\/\/noticiasregionais.com.br\/wp-content\/uploads\/2024\/06\/WhatsApp-Image-2024-06-21-at-11.13.34-225x300.jpeg 225w, https:\/\/noticiasregionais.com.br\/wp-content\/uploads\/2024\/06\/WhatsApp-Image-2024-06-21-at-11.13.34-1152x1536.jpeg 1152w, https:\/\/noticiasregionais.com.br\/wp-content\/uploads\/2024\/06\/WhatsApp-Image-2024-06-21-at-11.13.34.jpeg 1200w\" sizes=\"(max-width: 768px) 100vw, 768px\" \/><\/a><\/figure>\n<\/figure>\n<input type=\"hidden\" id=\"baseurl\" value=\"https:\/\/noticiasregionais.com.br\"><input type=\"hidden\" id=\"audio_nonce\" value=\"533fbb67b1\">","protected":false},"excerpt":{"rendered":"<p>Em uma opera\u00e7\u00e3o conjunta entre a equipe K9 do 13\u00b0 BAEP e o Policiamento Rodovi\u00e1rio, um indiv\u00edduo foi preso por&hellip;<\/p>\n","protected":false},"author":1,"featured_media":3242,"comment_status":"closed","ping_status":"open","sticky":false,"template":"","format":"standard","meta":{"sfsi_plus_gutenberg_text_before_share":"","sfsi_plus_gutenberg_show_text_before_share":"","sfsi_plus_gutenberg_icon_type":"","sfsi_plus_gutenberg_icon_alignemt":"","sfsi_plus_gutenburg_max_per_row":"","footnotes":""},"categories":[10,1,6],"tags":[],"class_list":["post-3238","post","type-post","status-publish","format-standard","has-post-thumbnail","hentry","category-destaques","category-noticias","category-sao_paulo"],"_links":{"self":[{"href":"https:\/\/noticiasregionais.com.br\/index.php?rest_route=\/wp\/v2\/posts\/3238","targetHints":{"allow":["GET"]}}],"collection":[{"href":"https:\/\/noticiasregionais.com.br\/index.php?rest_route=\/wp\/v2\/posts"}],"about":[{"href":"https:\/\/noticiasregionais.com.br\/index.php?rest_route=\/wp\/v2\/types\/post"}],"author":[{"embeddable":true,"href":"https:\/\/noticiasregionais.com.br\/index.php?rest_route=\/wp\/v2\/users\/1"}],"replies":[{"embeddable":true,"href":"https:\/\/noticiasregionais.com.br\/index.php?rest_route=%2Fwp%2Fv2%2Fcomments&post=3238"}],"version-history":[{"count":1,"href":"https:\/\/noticiasregionais.com.br\/index.php?rest_route=\/wp\/v2\/posts\/3238\/revisions"}],"predecessor-version":[{"id":3243,"href":"https:\/\/noticiasregionais.com.br\/index.php?rest_route=\/wp\/v2\/posts\/3238\/revisions\/3243"}],"wp:featuredmedia":[{"embeddable":true,"href":"https:\/\/noticiasregionais.com.br\/index.php?rest_route=\/wp\/v2\/media\/3242"}],"wp:attachment":[{"href":"https:\/\/noticiasregionais.com.br\/index.php?rest_route=%2Fwp%2Fv2%2Fmedia&parent=3238"}],"wp:term":[{"taxonomy":"category","embeddable":true,"href":"https:\/\/noticiasregionais.com.br\/index.php?rest_route=%2Fwp%2Fv2%2Fcategories&post=3238"},{"taxonomy":"post_tag","embeddable":true,"href":"https:\/\/noticiasregionais.com.br\/index.php?rest_route=%2Fwp%2Fv2%2Ftags&post=3238"}],"curies":[{"name":"wp","href":"https:\/\/api.w.org\/{rel}","templated":true}]}}