{"id":3244,"date":"2024-06-22T15:38:01","date_gmt":"2024-06-22T18:38:01","guid":{"rendered":"https:\/\/noticiasregionais.com.br\/?p=3244"},"modified":"2024-06-24T15:38:32","modified_gmt":"2024-06-24T18:38:32","slug":"operacao-falcao-de-aco-ii-intensifica-combate-ao-crime-no-norte-pioneiro-do-parana","status":"publish","type":"post","link":"https:\/\/noticiasregionais.com.br\/?p=3244","title":{"rendered":"Opera\u00e7\u00e3o Falc\u00e3o de A\u00e7o II Intensifica Combate ao Crime no Norte Pioneiro do Paran\u00e1"},"content":{"rendered":"\n<p>Na tarde desta sexta-feira (21), \u00e0s 14h00, foi deflagrada a terceira fase da Opera\u00e7\u00e3o Falc\u00e3o de A\u00e7o II, com a\u00e7\u00f5es de preven\u00e7\u00e3o e combate \u00e0 criminalidade nos munic\u00edpios de Siqueira Campos e Salto do Itarar\u00e9, no norte pioneiro do Paran\u00e1.<\/p>\n\n\n\n<p>A opera\u00e7\u00e3o mobilizou 79 policiais militares, 30 viaturas, tr\u00eas motocicletas e uma aeronave, contando tamb\u00e9m com o apoio da Pol\u00edcia Civil. Durante a opera\u00e7\u00e3o, foram abordadas 126 pessoas, 89 ve\u00edculos e cumpridos tr\u00eas mandados judiciais.<\/p>\n\n\n\n<p>O 2\u00ba Batalh\u00e3o da Pol\u00edcia Militar continua intensificando suas a\u00e7\u00f5es para prevenir delitos e garantir a seguran\u00e7a da popula\u00e7\u00e3o em toda a regi\u00e3o do norte pioneiro.<\/p>\n<input type=\"hidden\" id=\"baseurl\" value=\"https:\/\/noticiasregionais.com.br\"><input type=\"hidden\" id=\"audio_nonce\" value=\"533fbb67b1\">","protected":false},"excerpt":{"rendered":"<p>Na tarde desta sexta-feira (21), \u00e0s 14h00, foi deflagrada a terceira fase da Opera\u00e7\u00e3o Falc\u00e3o de A\u00e7o II, com a\u00e7\u00f5es&hellip;<\/p>\n","protected":false},"author":1,"featured_media":3245,"comment_status":"closed","ping_status":"open","sticky":false,"template":"","format":"standard","meta":{"sfsi_plus_gutenberg_text_before_share":"","sfsi_plus_gutenberg_show_text_before_share":"","sfsi_plus_gutenberg_icon_type":"","sfsi_plus_gutenberg_icon_alignemt":"","sfsi_plus_gutenburg_max_per_row":"","footnotes":""},"categories":[7,10,1],"tags":[],"class_list":["post-3244","post","type-post","status-publish","format-standard","has-post-thumbnail","hentry","category-parana","category-destaques","category-noticias"],"_links":{"self":[{"href":"https:\/\/noticiasregionais.com.br\/index.php?rest_route=\/wp\/v2\/posts\/3244","targetHints":{"allow":["GET"]}}],"collection":[{"href":"https:\/\/noticiasregionais.com.br\/index.php?rest_route=\/wp\/v2\/posts"}],"about":[{"href":"https:\/\/noticiasregionais.com.br\/index.php?rest_route=\/wp\/v2\/types\/post"}],"author":[{"embeddable":true,"href":"https:\/\/noticiasregionais.com.br\/index.php?rest_route=\/wp\/v2\/users\/1"}],"replies":[{"embeddable":true,"href":"https:\/\/noticiasregionais.com.br\/index.php?rest_route=%2Fwp%2Fv2%2Fcomments&post=3244"}],"version-history":[{"count":1,"href":"https:\/\/noticiasregionais.com.br\/index.php?rest_route=\/wp\/v2\/posts\/3244\/revisions"}],"predecessor-version":[{"id":3246,"href":"https:\/\/noticiasregionais.com.br\/index.php?rest_route=\/wp\/v2\/posts\/3244\/revisions\/3246"}],"wp:featuredmedia":[{"embeddable":true,"href":"https:\/\/noticiasregionais.com.br\/index.php?rest_route=\/wp\/v2\/media\/3245"}],"wp:attachment":[{"href":"https:\/\/noticiasregionais.com.br\/index.php?rest_route=%2Fwp%2Fv2%2Fmedia&parent=3244"}],"wp:term":[{"taxonomy":"category","embeddable":true,"href":"https:\/\/noticiasregionais.com.br\/index.php?rest_route=%2Fwp%2Fv2%2Fcategories&post=3244"},{"taxonomy":"post_tag","embeddable":true,"href":"https:\/\/noticiasregionais.com.br\/index.php?rest_route=%2Fwp%2Fv2%2Ftags&post=3244"}],"curies":[{"name":"wp","href":"https:\/\/api.w.org\/{rel}","templated":true}]}}