{"id":3247,"date":"2024-06-24T16:09:54","date_gmt":"2024-06-24T19:09:54","guid":{"rendered":"https:\/\/noticiasregionais.com.br\/?p=3247"},"modified":"2024-06-24T16:09:57","modified_gmt":"2024-06-24T19:09:57","slug":"policia-militar-e-policia-civil-apreendem-r23-mil-e-drogas-em-santo-antonio-da-platina","status":"publish","type":"post","link":"https:\/\/noticiasregionais.com.br\/?p=3247","title":{"rendered":"Pol\u00edcia Militar e Pol\u00edcia Civil apreendem R$23 mil e drogas em Santo Ant\u00f4nio da Platina"},"content":{"rendered":"\n<p>Em uma a\u00e7\u00e3o conjunta na manh\u00e3 desta segunda-feira (24), a Pol\u00edcia Militar e a Pol\u00edcia Civil deflagraram uma opera\u00e7\u00e3o contra o tr\u00e1fico de drogas em Santo Ant\u00f4nio da Platina, no norte pioneiro do Paran\u00e1.<\/p>\n\n\n\n<p>As equipes realizaram buscas em diversos bairros do munic\u00edpio, resultando na pris\u00e3o de duas pessoas e na apreens\u00e3o de:<\/p>\n\n\n\n<ul class=\"wp-block-list\">\n<li><strong>Drogas:<\/strong> quantidade n\u00e3o especificada<\/li>\n\n\n\n<li><strong>Dinheiro:<\/strong> R$23.098,00<\/li>\n\n\n\n<li><strong>Objetos utilizados no tr\u00e1fico:<\/strong>\n<ul class=\"wp-block-list\">\n<li>Pl\u00e1stico filme<\/li>\n\n\n\n<li>Facas<\/li>\n\n\n\n<li>Balan\u00e7a de precis\u00e3o<\/li>\n\n\n\n<li>Muni\u00e7\u00e3o<\/li>\n<\/ul>\n<\/li>\n<\/ul>\n\n\n\n<p>Segundo as autoridades, a opera\u00e7\u00e3o foi um grande golpe contra o tr\u00e1fico de drogas na regi\u00e3o, gerando um significativo preju\u00edzo financeiro aos criminosos.<\/p>\n\n\n\n<p>A a\u00e7\u00e3o conjunta das Pol\u00edcias Militar e Civil demonstra o compromisso das for\u00e7as de seguran\u00e7a com o combate ao tr\u00e1fico de drogas e a garantia da seguran\u00e7a da popula\u00e7\u00e3o de Santo Ant\u00f4nio da Platina.<\/p>\n<input type=\"hidden\" id=\"baseurl\" value=\"https:\/\/noticiasregionais.com.br\"><input type=\"hidden\" id=\"audio_nonce\" value=\"533fbb67b1\">","protected":false},"excerpt":{"rendered":"<p>Em uma a\u00e7\u00e3o conjunta na manh\u00e3 desta segunda-feira (24), a Pol\u00edcia Militar e a Pol\u00edcia Civil deflagraram uma opera\u00e7\u00e3o contra&hellip;<\/p>\n","protected":false},"author":1,"featured_media":3248,"comment_status":"closed","ping_status":"open","sticky":false,"template":"","format":"standard","meta":{"sfsi_plus_gutenberg_text_before_share":"","sfsi_plus_gutenberg_show_text_before_share":"","sfsi_plus_gutenberg_icon_type":"","sfsi_plus_gutenberg_icon_alignemt":"","sfsi_plus_gutenburg_max_per_row":"","footnotes":""},"categories":[7,12,1],"tags":[],"class_list":["post-3247","post","type-post","status-publish","format-standard","has-post-thumbnail","hentry","category-parana","category-capa","category-noticias"],"_links":{"self":[{"href":"https:\/\/noticiasregionais.com.br\/index.php?rest_route=\/wp\/v2\/posts\/3247","targetHints":{"allow":["GET"]}}],"collection":[{"href":"https:\/\/noticiasregionais.com.br\/index.php?rest_route=\/wp\/v2\/posts"}],"about":[{"href":"https:\/\/noticiasregionais.com.br\/index.php?rest_route=\/wp\/v2\/types\/post"}],"author":[{"embeddable":true,"href":"https:\/\/noticiasregionais.com.br\/index.php?rest_route=\/wp\/v2\/users\/1"}],"replies":[{"embeddable":true,"href":"https:\/\/noticiasregionais.com.br\/index.php?rest_route=%2Fwp%2Fv2%2Fcomments&post=3247"}],"version-history":[{"count":1,"href":"https:\/\/noticiasregionais.com.br\/index.php?rest_route=\/wp\/v2\/posts\/3247\/revisions"}],"predecessor-version":[{"id":3249,"href":"https:\/\/noticiasregionais.com.br\/index.php?rest_route=\/wp\/v2\/posts\/3247\/revisions\/3249"}],"wp:featuredmedia":[{"embeddable":true,"href":"https:\/\/noticiasregionais.com.br\/index.php?rest_route=\/wp\/v2\/media\/3248"}],"wp:attachment":[{"href":"https:\/\/noticiasregionais.com.br\/index.php?rest_route=%2Fwp%2Fv2%2Fmedia&parent=3247"}],"wp:term":[{"taxonomy":"category","embeddable":true,"href":"https:\/\/noticiasregionais.com.br\/index.php?rest_route=%2Fwp%2Fv2%2Fcategories&post=3247"},{"taxonomy":"post_tag","embeddable":true,"href":"https:\/\/noticiasregionais.com.br\/index.php?rest_route=%2Fwp%2Fv2%2Ftags&post=3247"}],"curies":[{"name":"wp","href":"https:\/\/api.w.org\/{rel}","templated":true}]}}