{"id":3250,"date":"2024-06-24T16:23:14","date_gmt":"2024-06-24T19:23:14","guid":{"rendered":"https:\/\/noticiasregionais.com.br\/?p=3250"},"modified":"2024-06-24T16:23:16","modified_gmt":"2024-06-24T19:23:16","slug":"prf-apreende-348-quilos-de-maconha-em-duas-ocorrencias-proximas-a-ourinhos","status":"publish","type":"post","link":"https:\/\/noticiasregionais.com.br\/?p=3250","title":{"rendered":"PRF apreende 348 quilos de maconha em duas ocorr\u00eancias pr\u00f3ximas a Ourinhos"},"content":{"rendered":"\n<p class=\"has-text-align-center\"><strong>Em ambos os casos houve fuga, acompanhamento t\u00e1tico e pris\u00e3o dos traficantes<\/strong><\/p>\n\n\n\n<p>A Pol\u00edcia Rodovi\u00e1ria Federal prendeu tr\u00eas pessoas desde sexta-feira (21) transportando maconha em carros de passeio quando passavam pr\u00f3ximos da divisa do Paran\u00e1 com s\u00e3o Paulo. Nos dois casos os motoristas iniciaram fuga dos policiais, mas terminaram no meio da mata e tentando fugir, sendo encontrados durante as buscas. Todos responder\u00e3o por tr\u00e1fico de drogas.<\/p>\n\n\n\n<p>O primeiro flagrante ocorreu na sexta-feira (21), quando uma equipe da Pol\u00edcia Rodovi\u00e1ria Federal de Ourinhos\/SP fiscalizava no km 70 da BR 369, em Bandeirantes\/PR, na rota de acesso ao estado de S\u00e3o Paulo por Ourinhos\/SP. Ap\u00f3s uma ordem de parada dada ao motorista de um Fiat Siena, por volta das 10 horas, come\u00e7ou um acompanhamento t\u00e1tico que terminou em uma regi\u00e3o de mata de uma vicinal, onde foi encontrado apenas o carro e a diversos tijolos de maconha que somaram 208,35 Kg. Posteriormente, a Pol\u00edcia Civil do Paran\u00e1 encontrou os dois fugitivos em uma rodovi\u00e1ria da cidade de Bandeirante, j\u00e1 tentando embarcar em um \u00f4nibus para a completar a fuga. Um homem de 30 anos e outro de 28 foram presos e responder\u00e3o pelo crime de tr\u00e1fico de drogas.<\/p>\n\n\n\n<figure class=\"wp-block-gallery has-nested-images columns-default is-cropped wp-block-gallery-1 is-layout-flex wp-block-gallery-is-layout-flex\">\n<figure class=\"wp-block-image size-large\"><img decoding=\"async\" width=\"576\" height=\"1024\" data-id=\"3253\" src=\"https:\/\/noticiasregionais.com.br\/wp-content\/uploads\/2024\/06\/WhatsApp-Image-2024-06-24-at-09.25.46-576x1024.jpeg\" alt=\"\" class=\"wp-image-3253\" srcset=\"https:\/\/noticiasregionais.com.br\/wp-content\/uploads\/2024\/06\/WhatsApp-Image-2024-06-24-at-09.25.46-576x1024.jpeg 576w, https:\/\/noticiasregionais.com.br\/wp-content\/uploads\/2024\/06\/WhatsApp-Image-2024-06-24-at-09.25.46-169x300.jpeg 169w, https:\/\/noticiasregionais.com.br\/wp-content\/uploads\/2024\/06\/WhatsApp-Image-2024-06-24-at-09.25.46.jpeg 720w\" sizes=\"(max-width: 576px) 100vw, 576px\" \/><\/figure>\n\n\n\n<figure class=\"wp-block-image size-full\"><img decoding=\"async\" width=\"490\" height=\"879\" data-id=\"3252\" src=\"https:\/\/noticiasregionais.com.br\/wp-content\/uploads\/2024\/06\/21-06-24.jpg\" alt=\"\" class=\"wp-image-3252\" srcset=\"https:\/\/noticiasregionais.com.br\/wp-content\/uploads\/2024\/06\/21-06-24.jpg 490w, https:\/\/noticiasregionais.com.br\/wp-content\/uploads\/2024\/06\/21-06-24-167x300.jpg 167w\" sizes=\"(max-width: 490px) 100vw, 490px\" \/><\/figure>\n<\/figure>\n\n\n\n<h2 class=\"wp-block-heading\">Outra fuga<\/h2>\n\n\n\n<p>A segunda ocorr\u00eancia foi na manh\u00e3 de domingo (23), quando policiais rodovi\u00e1rios federais encontraram uma motorista ap\u00f3s o ped\u00e1gio na BR-369, pr\u00f3ximo ao entroncamento rodovi\u00e1rio na divisa do Paran\u00e1 com S\u00e3o Paulo. Ao desembarcarem para verificar a situa\u00e7\u00e3o, a mulher iniciou fuga em dire\u00e7\u00e3o \u00e0 BR-153 e, no km 1, perdeu o controle numa al\u00e7a de retorno, saindo da pista e parando na vegeta\u00e7\u00e3o ao lado.<\/p>\n\n\n\n<p>A mulher, de 20 anos de idade, tentou fugir na mata, mas foi logo encontrada. Ela se queixou de dores na coluna e uma equipe de socorro m\u00e9dico foi acionada para atend\u00ea-la, terminando por lev\u00e1-la ao hospital em Jacarezinho\/PR.<br>No carro foram encontrados diversos blocos de maconha, pesando 140,29 quilos no total. A droga foi carregada em Toledo\/PR e tinha como destino a capital paulista. A mulher responder\u00e1 pelo crime de tr\u00e1fico de drogas.<\/p>\n\n\n<div class=\"wp-block-image\">\n<figure class=\"aligncenter size-large\"><img decoding=\"async\" width=\"1024\" height=\"576\" src=\"https:\/\/noticiasregionais.com.br\/wp-content\/uploads\/2024\/06\/WhatsApp-Image-2024-06-24-at-09.27.25-1024x576.jpeg\" alt=\"\" class=\"wp-image-3251\" srcset=\"https:\/\/noticiasregionais.com.br\/wp-content\/uploads\/2024\/06\/WhatsApp-Image-2024-06-24-at-09.27.25-1024x576.jpeg 1024w, https:\/\/noticiasregionais.com.br\/wp-content\/uploads\/2024\/06\/WhatsApp-Image-2024-06-24-at-09.27.25-300x169.jpeg 300w, https:\/\/noticiasregionais.com.br\/wp-content\/uploads\/2024\/06\/WhatsApp-Image-2024-06-24-at-09.27.25-768x432.jpeg 768w, https:\/\/noticiasregionais.com.br\/wp-content\/uploads\/2024\/06\/WhatsApp-Image-2024-06-24-at-09.27.25-1536x864.jpeg 1536w, https:\/\/noticiasregionais.com.br\/wp-content\/uploads\/2024\/06\/WhatsApp-Image-2024-06-24-at-09.27.25.jpeg 1599w\" sizes=\"(max-width: 1024px) 100vw, 1024px\" \/><\/figure>\n<\/div><input type=\"hidden\" id=\"baseurl\" value=\"https:\/\/noticiasregionais.com.br\"><input type=\"hidden\" id=\"audio_nonce\" value=\"533fbb67b1\">","protected":false},"excerpt":{"rendered":"<p>Em ambos os casos houve fuga, acompanhamento t\u00e1tico e pris\u00e3o dos traficantes A Pol\u00edcia Rodovi\u00e1ria Federal prendeu tr\u00eas pessoas desde&hellip;<\/p>\n","protected":false},"author":1,"featured_media":3254,"comment_status":"closed","ping_status":"open","sticky":false,"template":"","format":"standard","meta":{"sfsi_plus_gutenberg_text_before_share":"","sfsi_plus_gutenberg_show_text_before_share":"","sfsi_plus_gutenberg_icon_type":"","sfsi_plus_gutenberg_icon_alignemt":"","sfsi_plus_gutenburg_max_per_row":"","footnotes":""},"categories":[5,10,1],"tags":[],"class_list":["post-3250","post","type-post","status-publish","format-standard","has-post-thumbnail","hentry","category-ourinhos","category-destaques","category-noticias"],"_links":{"self":[{"href":"https:\/\/noticiasregionais.com.br\/index.php?rest_route=\/wp\/v2\/posts\/3250","targetHints":{"allow":["GET"]}}],"collection":[{"href":"https:\/\/noticiasregionais.com.br\/index.php?rest_route=\/wp\/v2\/posts"}],"about":[{"href":"https:\/\/noticiasregionais.com.br\/index.php?rest_route=\/wp\/v2\/types\/post"}],"author":[{"embeddable":true,"href":"https:\/\/noticiasregionais.com.br\/index.php?rest_route=\/wp\/v2\/users\/1"}],"replies":[{"embeddable":true,"href":"https:\/\/noticiasregionais.com.br\/index.php?rest_route=%2Fwp%2Fv2%2Fcomments&post=3250"}],"version-history":[{"count":1,"href":"https:\/\/noticiasregionais.com.br\/index.php?rest_route=\/wp\/v2\/posts\/3250\/revisions"}],"predecessor-version":[{"id":3255,"href":"https:\/\/noticiasregionais.com.br\/index.php?rest_route=\/wp\/v2\/posts\/3250\/revisions\/3255"}],"wp:featuredmedia":[{"embeddable":true,"href":"https:\/\/noticiasregionais.com.br\/index.php?rest_route=\/wp\/v2\/media\/3254"}],"wp:attachment":[{"href":"https:\/\/noticiasregionais.com.br\/index.php?rest_route=%2Fwp%2Fv2%2Fmedia&parent=3250"}],"wp:term":[{"taxonomy":"category","embeddable":true,"href":"https:\/\/noticiasregionais.com.br\/index.php?rest_route=%2Fwp%2Fv2%2Fcategories&post=3250"},{"taxonomy":"post_tag","embeddable":true,"href":"https:\/\/noticiasregionais.com.br\/index.php?rest_route=%2Fwp%2Fv2%2Ftags&post=3250"}],"curies":[{"name":"wp","href":"https:\/\/api.w.org\/{rel}","templated":true}]}}