{"id":3256,"date":"2024-06-25T07:34:22","date_gmt":"2024-06-25T10:34:22","guid":{"rendered":"https:\/\/noticiasregionais.com.br\/?p=3256"},"modified":"2024-06-25T07:34:34","modified_gmt":"2024-06-25T10:34:34","slug":"governo-nao-cumpre-metas-e-real-atinge-posto-de-moeda-mais-desvalorizada-do-mundo-entre-emergentes","status":"publish","type":"post","link":"https:\/\/noticiasregionais.com.br\/?p=3256","title":{"rendered":"Governo n\u00e3o cumpre metas e Real atinge posto de moeda mais desvalorizada do mundo entre emergentes"},"content":{"rendered":"\n<p class=\"has-text-align-center\"><strong>O real ultrapassou o peso argentino no \u00faltimo dia 17 de junho, passando a ser a moeda com a pior performance em 2024 entre os pa\u00edses emergentes. A moeda brasileira teve uma desvaloriza\u00e7\u00e3o de 10,54% frente ao d\u00f3lar nos primeiros seis meses deste ano<\/strong><\/p>\n\n\n\n<hr class=\"wp-block-separator has-alpha-channel-opacity\"\/>\n\n\n\n<p>O real ultrapassou o peso argentino passando a ser a moeda com a pior performance em 2024, entre os pa\u00edses emergentes, no \u00faltimo dia 17 de junho. A moeda brasileira teve uma desvaloriza\u00e7\u00e3o de 10,54% frente ao d\u00f3lar nos primeiros seis meses deste ano.&nbsp;<\/p>\n\n\n\n<p><a href=\"https:\/\/brasil61.com\/n\/dolar-se-mantem-a-r-5-45-na-ultima-cotacao-bras2411924#:~:text=D%C3%B3lar%20se%20mant%C3%A9m%20a%20R,Brasil%2061\" target=\"_blank\" rel=\"noreferrer noopener\">D\u00f3lar se mant\u00e9m a R$ 5,45 na \u00faltima cota\u00e7\u00e3o<\/a><\/p>\n\n\n\n<p>O consultor econ\u00f4mico da Remessa Online, Andr\u00e9 Galhardo, contextualiza que a Argentina passa por um momento macroecon\u00f4mico delicado e o Brasil est\u00e1 entre as 10 maiores economias do mundo. Por\u00e9m, o especialista destaca alguns elementos que podem ser associados \u00e0 baixa performance do real.<\/p>\n\n\n\n<p>\u201cParte deste p\u00e9ssimo desempenho pode e deve ser associado aos problemas dom\u00e9sticos. A incerteza quanto ao cumprimento da meta fiscal, a incerteza em rela\u00e7\u00e3o \u00e0 troca de comando no Banco Central\u201d, avalia Galhardo.<\/p>\n\n\n\n<h2 class=\"wp-block-heading\">Pa\u00edses emergentes<\/h2>\n\n\n\n<p>Al\u00e9m do real, outras&nbsp;moedas&nbsp;dos pa\u00edses latino-americanos tamb\u00e9m perderam espa\u00e7o para o d\u00f3lar no m\u00eas de junho.<\/p>\n\n\n\n<p><strong>Confira o ranking com as maiores quedas das moedas emergentes frente ao d\u00f3lar, com dados da Bloomberg (acumulado em 2024 \u00e0s 16h de segunda-feira (17):<\/strong><\/p>\n\n\n\n<ul class=\"wp-block-list\">\n<li>Brasil: -10,54%<\/li>\n\n\n\n<li>Argentina: -10,48%<\/li>\n\n\n\n<li>Turquia: -10,12%<\/li>\n\n\n\n<li>M\u00e9xico: -8,50%<\/li>\n\n\n\n<li>Tail\u00e2ndia: -6,95%<\/li>\n\n\n\n<li>Coreia do Sul: -6,52%<\/li>\n\n\n\n<li>Indon\u00e9sia: -5,67%<\/li>\n\n\n\n<li>Col\u00f4mbia: -4,87%<\/li>\n\n\n\n<li>Chile: -5,73%<\/li>\n\n\n\n<li>Hungria: -5,77%<\/li>\n<\/ul>\n\n\n\n<p>De acordo com levantamento da ag\u00eancia classificadora de risco Austin Rating, com base em dados do Banco Central do Brasil (BC), a moeda brasileira superou, ainda, o peso argentino e \u00e9 a 5\u00aa moeda que mais perdeu valor frente ao d\u00f3lar em 2024. Veja o ranking:&nbsp;<\/p>\n\n\n\n<p>https:\/\/flo.uri.sh\/visualisation\/18471819\/embed<br>Fonte: Austin Rating, com dados do BC&nbsp;&nbsp;<a href=\"https:\/\/public.flourish.studio\/visualisation\/18471819\/?utm_source=embed&amp;utm_campaign=visualisation\/18471819\" target=\"_blank\" rel=\"noopener\">&nbsp;<\/a><\/p>\n\n\n\n<h2 class=\"wp-block-heading\">Motivos para a desvaloriza\u00e7\u00e3o do real<\/h2>\n\n\n\n<p>O economista&nbsp;Aur\u00e9lio Trancoso avalia que o principal motivo da desvaloriza\u00e7\u00e3o do real \u00e9 o n\u00e3o cumprimento das metas do governo brasileiro&nbsp;no arcabou\u00e7o fiscal. Por outro lado, em rela\u00e7\u00e3o \u00e0 desvaloriza\u00e7\u00e3o da moeda brasileira&nbsp;frente ao peso argentino,&nbsp;Aur\u00e9lio Trancoso destaca que no pa\u00eds argentino tem acontecido o oposto.<\/p>\n\n\n\n<p>&#8220;Em rela\u00e7\u00e3o \u00e0 Argentina, \u00e9 que as metas que foram tra\u00e7adas pelo Milei est\u00e3o sendo cumpridas. Ele est\u00e1 seguindo \u00e0 risca, est\u00e1 conseguindo fazer quase tudo aquilo, tudo bem, est\u00e1 cortando na carne, mas ele est\u00e1 fazendo tudo aquilo (que prometeu), est\u00e1 diminuindo o tamanho do Estado. Ao contr\u00e1rio, n\u00f3s estamos aumentando o tamanho do Estado&#8221;, afirma o economista.<\/p>\n\n\n\n<p>Para ele, o Brasil tamb\u00e9m deveria cortar custos e diminuir a quantidade de minist\u00e9rios. &#8220;O que ele (o governo brasileiro) deveria&nbsp;era n\u00e3o gastar mais do que ele arrecada. Esta \u00e9 a primeira coisa. Come\u00e7ar a gastar menos do que est\u00e1 arrecadando. Segundo, reduzir o tamanho do Estado. Terceiro ponto, come\u00e7ar a entender ele tem que cortar custos. S\u00f3 que voc\u00ea tem os lugares certos de cortar. O governo n\u00e3o pode cortar em educa\u00e7\u00e3o, em sa\u00fade&#8221;, pontua Trancoso.<\/p>\n\n\n\n<p>Aur\u00e9lio Trancoso aponta&nbsp;outros poss\u00edveis motivos que refletem na desvaloriza\u00e7\u00e3o do real, como a inseguran\u00e7a jur\u00eddica e a desancoragem fiscal \u2013 quando o governo gasta&nbsp;mais do que arrecada.&nbsp;Segundo ele, a queda no valor&nbsp;da moeda brasileira, al\u00e9m de impactar o poder de compra dos brasileiros, tamb\u00e9m reflete negativamente na credibilidade internacional do pa\u00eds.<\/p>\n\n\n\n<p>&#8220;Se eu tenho uma desvaloriza\u00e7\u00e3o da minha moeda, eu praticamente, primeiro perco credibilidade mundial. O Brasil, na hora de&nbsp;importar ou exportar produtos, principalmente importar produtos, vai importar produtos mais caros. O poder de compra do brasileiro come\u00e7a a perder, a moeda come\u00e7a a perder credibilidade no mercado internacional. O pa\u00eds perde credibilidade. A moeda come\u00e7a a ser uma moeda fraca, sem valor. E, infelizmente, o pa\u00eds come\u00e7a a perder credibilidade no mercado&#8221;, diz.<\/p>\n\n\n\n<h2 class=\"wp-block-heading\">Perspectivas&nbsp;<\/h2>\n\n\n\n<p>O diretor comercial na Line Bank BR, especialista em cr\u00e9dito empresarial, de Itu, munic\u00edpio de S\u00e3o Paulo, H\u00e9lio Lima, ressalta a necessidade de equil\u00edbrio fiscal para o pa\u00eds no atual cen\u00e1rio.<\/p>\n\n\n\n<p>\u201cPara os pr\u00f3ximos meses, al\u00e9m da alta de pre\u00e7os, na m\u00e3o contr\u00e1ria, a gente espera que o governo tome medidas que favore\u00e7am o equil\u00edbrio das contas brasileiras. A primeira medida que pede urgentemente que seja tomada \u00e9 um ajuste fiscal no Brasil. At\u00e9 porque o equil\u00edbrio fiscal vai trazer tamb\u00e9m uma melhoria na balan\u00e7a comercial\u201d, pontua.<\/p>\n\n\n\n<p>Fonte: <a href=\"https:\/\/brasil61.com\/n\/desvalorizacao-do-real-esta-ligada-a-nao-cumprimento-de-metas-pelo-governo-diz-especialista-bras2411929\" target=\"_blank\" rel=\"noreferrer noopener\">Brasil 61<\/a><\/p>\n<input type=\"hidden\" id=\"baseurl\" value=\"https:\/\/noticiasregionais.com.br\"><input type=\"hidden\" id=\"audio_nonce\" value=\"5c13e0637f\">","protected":false},"excerpt":{"rendered":"<p>O real ultrapassou o peso argentino no \u00faltimo dia 17 de junho, passando a ser a moeda com a pior&hellip;<\/p>\n","protected":false},"author":1,"featured_media":605,"comment_status":"closed","ping_status":"open","sticky":false,"template":"","format":"standard","meta":{"sfsi_plus_gutenberg_text_before_share":"","sfsi_plus_gutenberg_show_text_before_share":"","sfsi_plus_gutenberg_icon_type":"","sfsi_plus_gutenberg_icon_alignemt":"","sfsi_plus_gutenburg_max_per_row":"","footnotes":""},"categories":[8,10,1],"tags":[],"class_list":["post-3256","post","type-post","status-publish","format-standard","has-post-thumbnail","hentry","category-brasil","category-destaques","category-noticias"],"_links":{"self":[{"href":"https:\/\/noticiasregionais.com.br\/index.php?rest_route=\/wp\/v2\/posts\/3256","targetHints":{"allow":["GET"]}}],"collection":[{"href":"https:\/\/noticiasregionais.com.br\/index.php?rest_route=\/wp\/v2\/posts"}],"about":[{"href":"https:\/\/noticiasregionais.com.br\/index.php?rest_route=\/wp\/v2\/types\/post"}],"author":[{"embeddable":true,"href":"https:\/\/noticiasregionais.com.br\/index.php?rest_route=\/wp\/v2\/users\/1"}],"replies":[{"embeddable":true,"href":"https:\/\/noticiasregionais.com.br\/index.php?rest_route=%2Fwp%2Fv2%2Fcomments&post=3256"}],"version-history":[{"count":1,"href":"https:\/\/noticiasregionais.com.br\/index.php?rest_route=\/wp\/v2\/posts\/3256\/revisions"}],"predecessor-version":[{"id":3257,"href":"https:\/\/noticiasregionais.com.br\/index.php?rest_route=\/wp\/v2\/posts\/3256\/revisions\/3257"}],"wp:featuredmedia":[{"embeddable":true,"href":"https:\/\/noticiasregionais.com.br\/index.php?rest_route=\/wp\/v2\/media\/605"}],"wp:attachment":[{"href":"https:\/\/noticiasregionais.com.br\/index.php?rest_route=%2Fwp%2Fv2%2Fmedia&parent=3256"}],"wp:term":[{"taxonomy":"category","embeddable":true,"href":"https:\/\/noticiasregionais.com.br\/index.php?rest_route=%2Fwp%2Fv2%2Fcategories&post=3256"},{"taxonomy":"post_tag","embeddable":true,"href":"https:\/\/noticiasregionais.com.br\/index.php?rest_route=%2Fwp%2Fv2%2Ftags&post=3256"}],"curies":[{"name":"wp","href":"https:\/\/api.w.org\/{rel}","templated":true}]}}