{"id":3258,"date":"2024-06-25T07:46:31","date_gmt":"2024-06-25T10:46:31","guid":{"rendered":"https:\/\/noticiasregionais.com.br\/?p=3258"},"modified":"2024-06-25T07:46:33","modified_gmt":"2024-06-25T10:46:33","slug":"proprietarios-de-cerca-de-2-milhoes-de-veiculos-com-ipva-em-atraso-sao-notificados","status":"publish","type":"post","link":"https:\/\/noticiasregionais.com.br\/?p=3258","title":{"rendered":"Propriet\u00e1rios de cerca de 2 milh\u00f5es de ve\u00edculos com IPVA em atraso s\u00e3o notificados"},"content":{"rendered":"\n<p class=\"has-text-align-center\"><strong>D\u00e9bitos somam mais de R$ 3 bilh\u00f5es e abrangem IPVAs de 2021, 2022, 2023 e 2024; consulta on-line pode ser feita inserindo CPF\/CNPJ ou placa<\/strong><\/p>\n\n\n\n<p>A Secretaria da Fazenda e Planejamento do Estado de S\u00e3o Paulo (Sefaz-SP) notificou na semana passada os propriet\u00e1rios de 1.983.527 ve\u00edculos em atraso com o pagamento do Imposto sobre a Propriedade de Ve\u00edculos Automotores (IPVA). Os d\u00e9bitos somam R$ 3.028.179.433,16 e abrangem os IPVAs de 2021, 2022, 2023 e de 2024.<\/p>\n\n\n\n<p>A notifica\u00e7\u00e3o ocorreu exclusivamente via&nbsp;<a href=\"http:\/\/diariooficial.imprensaoficial.com.br\/nav_v6\/index.asp?c=34954&amp;e=20240621&amp;p=1\" target=\"_blank\" rel=\"noreferrer noopener\">Di\u00e1rio Oficial do Estado<\/a>, na edi\u00e7\u00e3o de sexta-feira (21), e traz a identifica\u00e7\u00e3o do propriet\u00e1rio e do ve\u00edculo, e os valores do imposto, da multa incidente e dos juros por mora. A consulta on-line inserindo CPF\/CNPJ ou placa do ve\u00edculo&nbsp;<a href=\"https:\/\/www.imprensaoficial.com.br\/suplementos\/fazenda\/notifica2024\/IPVA2024L2\/index.asp\" target=\"_blank\" rel=\"noreferrer noopener\">pode ser feita neste link<\/a>.<\/p>\n\n\n\n<p><strong>LEIA TAMB\u00c9M<\/strong>:&nbsp;<a href=\"https:\/\/www.saopaulo.sp.gov.br\/spnoticias\/ultimas-noticias\/governo-de-sp-implanta-fila-unica-para-otimizar-processos-a-populacao\/\" target=\"_blank\" rel=\"noopener\">Governo de SP implanta \u201cFila \u00danica\u201d para otimizar processos \u00e0 popula\u00e7\u00e3o<\/a><\/p>\n\n\n\n<p>Para regularizar o imposto, o pagamento pode ser realizado pela internet ou nas ag\u00eancias da rede banc\u00e1ria credenciada, utilizando o servi\u00e7o de autoatendimento. Basta informar o n\u00famero do Renavam do ve\u00edculo e o ano do d\u00e9bito do IPVA a ser quitado. H\u00e1 a op\u00e7\u00e3o de pagamento via Pix, para utilizar a modalidade, \u00e9 necess\u00e1rio acessar&nbsp;<a href=\"https:\/\/portal.fazenda.sp.gov.br\/servicos\/ipva\/Paginas\/pix.aspx\" target=\"_blank\" rel=\"noreferrer noopener\">a&nbsp;p\u00e1gina do IPVA no portal da Sefaz-SP<\/a>, informar os dados do ve\u00edculo e gerar um QR code, que servir\u00e1 para o pagamento.<\/p>\n\n\n\n<p>O d\u00e9bito n\u00e3o quitado no prazo de 30 dias ou para o qual n\u00e3o for apresentada defesa no mesmo prazo ser\u00e1 inscrito em D\u00edvida Ativa e os nomes do propriet\u00e1rio e do respons\u00e1vel solid\u00e1rio, se houver, ser\u00e3o inclu\u00eddos no CADIN Estadual e na D\u00edvida Ativa do Estado de S\u00e3o Paulo. A administra\u00e7\u00e3o do d\u00e9bito inscrito em d\u00edvida ativa \u00e9 transferida \u00e0 Procuradoria Geral do Estado (PGE), que poder\u00e1 iniciar o procedimento de execu\u00e7\u00e3o judicial.<\/p>\n\n\n\n<p>Para mais informa\u00e7\u00f5es, os propriet\u00e1rios dos ve\u00edculos podem entrar em contato com a Secretaria da Fazenda pelo canal&nbsp;<a href=\"https:\/\/portal.fazenda.sp.gov.br\/Paginas\/Correio-Eletronico.aspx\" target=\"_blank\" rel=\"noreferrer noopener\">Fale Conosco<\/a>, no&nbsp;<a href=\"https:\/\/portal.fazenda.sp.gov.br\/\" target=\"_blank\" rel=\"noreferrer noopener\">Portal da Sefaz-SP<\/a>&nbsp;ou nos telefones do call center 0800-0170-110 (chamadas de telefone fixo) e (11) 2930-3750 (exclusivo para chamadas de celular).<\/p>\n<input type=\"hidden\" id=\"baseurl\" value=\"https:\/\/noticiasregionais.com.br\"><input type=\"hidden\" id=\"audio_nonce\" value=\"533fbb67b1\">","protected":false},"excerpt":{"rendered":"<p>D\u00e9bitos somam mais de R$ 3 bilh\u00f5es e abrangem IPVAs de 2021, 2022, 2023 e 2024; consulta on-line pode ser&hellip;<\/p>\n","protected":false},"author":1,"featured_media":3259,"comment_status":"closed","ping_status":"open","sticky":false,"template":"","format":"standard","meta":{"sfsi_plus_gutenberg_text_before_share":"","sfsi_plus_gutenberg_show_text_before_share":"","sfsi_plus_gutenberg_icon_type":"","sfsi_plus_gutenberg_icon_alignemt":"","sfsi_plus_gutenburg_max_per_row":"","footnotes":""},"categories":[6,10,1],"tags":[],"class_list":["post-3258","post","type-post","status-publish","format-standard","has-post-thumbnail","hentry","category-sao_paulo","category-destaques","category-noticias"],"_links":{"self":[{"href":"https:\/\/noticiasregionais.com.br\/index.php?rest_route=\/wp\/v2\/posts\/3258","targetHints":{"allow":["GET"]}}],"collection":[{"href":"https:\/\/noticiasregionais.com.br\/index.php?rest_route=\/wp\/v2\/posts"}],"about":[{"href":"https:\/\/noticiasregionais.com.br\/index.php?rest_route=\/wp\/v2\/types\/post"}],"author":[{"embeddable":true,"href":"https:\/\/noticiasregionais.com.br\/index.php?rest_route=\/wp\/v2\/users\/1"}],"replies":[{"embeddable":true,"href":"https:\/\/noticiasregionais.com.br\/index.php?rest_route=%2Fwp%2Fv2%2Fcomments&post=3258"}],"version-history":[{"count":1,"href":"https:\/\/noticiasregionais.com.br\/index.php?rest_route=\/wp\/v2\/posts\/3258\/revisions"}],"predecessor-version":[{"id":3260,"href":"https:\/\/noticiasregionais.com.br\/index.php?rest_route=\/wp\/v2\/posts\/3258\/revisions\/3260"}],"wp:featuredmedia":[{"embeddable":true,"href":"https:\/\/noticiasregionais.com.br\/index.php?rest_route=\/wp\/v2\/media\/3259"}],"wp:attachment":[{"href":"https:\/\/noticiasregionais.com.br\/index.php?rest_route=%2Fwp%2Fv2%2Fmedia&parent=3258"}],"wp:term":[{"taxonomy":"category","embeddable":true,"href":"https:\/\/noticiasregionais.com.br\/index.php?rest_route=%2Fwp%2Fv2%2Fcategories&post=3258"},{"taxonomy":"post_tag","embeddable":true,"href":"https:\/\/noticiasregionais.com.br\/index.php?rest_route=%2Fwp%2Fv2%2Ftags&post=3258"}],"curies":[{"name":"wp","href":"https:\/\/api.w.org\/{rel}","templated":true}]}}