{"id":3261,"date":"2024-06-25T08:07:30","date_gmt":"2024-06-25T11:07:30","guid":{"rendered":"https:\/\/noticiasregionais.com.br\/?p=3261"},"modified":"2024-06-25T08:07:32","modified_gmt":"2024-06-25T11:07:32","slug":"homem-diz-que-matou-ex-namorado-da-filha-porque-ele-compartilhou-imagens-de-relacoes-sexuais-do-casal-vitima-foi-espancada-ate-a-morte","status":"publish","type":"post","link":"https:\/\/noticiasregionais.com.br\/?p=3261","title":{"rendered":"Homem diz que matou ex-namorado da filha porque ele compartilhou imagens de rela\u00e7\u00f5es sexuais do casal; v\u00edtima foi espancada at\u00e9 a morte"},"content":{"rendered":"\n<p class=\"has-text-align-center\"><strong>Acompanhado do irm\u00e3o, autor do crime invadiu casa da v\u00edtima, de 18 anos, e a espancou at\u00e9 a morte no quarto dela. Os dois parentes foram presos em flagrante por homic\u00eddio triplamente qualificado, por meio cruel, motivo f\u00fatil e recurso que impossibilitou a defesa da v\u00edtima. Caso foi registrado em Gar\u00e7a (SP).<\/strong><\/p>\n\n\n\n<p>O homem preso suspeito de espancar at\u00e9 a morte o ex-namorado da filha confessou \u00e0 pol\u00edcia ter assassinado o jovem, de 18 anos, porque ele teria compartilhado imagens do casal tendo rela\u00e7\u00f5es sexuais. O caso foi registrado nesta segunda-feira (24), no bairro Vila Cavalcante, em Gar\u00e7a (SP). As informa\u00e7\u00f5es s\u00e3o do <strong>G1 Bauru e Mar\u00edlia.<\/strong><\/p>\n\n\n\n<p>De acordo com a Pol\u00edcia Civil, o homem, na companhia do irm\u00e3o dele, teria invadido a resid\u00eancia e entrado no quarto de Gabriel Henrique Scarrella De Souza. No local, eles espancaram o jovem, que n\u00e3o resistiu aos ferimentos e teve o \u00f3bito confirmado ainda dentro do im\u00f3vel. A m\u00e3e da v\u00edtima tamb\u00e9m estava na casa e teria presenciado o crime.<\/p>\n\n\n\n<p>Logo ap\u00f3s o crime, os dois agressores foram encontrados bebendo em um bar e, ao serem questionados, assumiram as agress\u00f5es contra a v\u00edtima, que teria terminado h\u00e1 pouco tempo um relacionamento amoroso com a filha de um dos suspeitos, tamb\u00e9m de 18 anos.<\/p>\n\n\n\n<p>O pai da menina, de 36 anos, revelou que cometeu o crime porque o jovem teria filmado rela\u00e7\u00f5es \u00edntimas do casal e estaria divulgando as imagens na internet. O irm\u00e3o dele, de 34, contou em depoimento que foi at\u00e9 o local com o intuito de fazer a seguran\u00e7a do pai da menina para n\u00e3o ser impedido de praticar o crime.<\/p>\n\n\n\n<p>Os dois foram presos em flagrante por homic\u00eddio triplamente qualificado, por meio cruel, motivo f\u00fatil e recurso que impossibilitou a defesa da v\u00edtima, al\u00e9m de viola\u00e7\u00e3o de domic\u00edlio e amea\u00e7a.<\/p>\n\n\n\n<p>Os irm\u00e3os foram levados \u00e0 Delegacia de Gar\u00e7a, sendo transferidos, na sequ\u00eancia, para a Central de Pol\u00edcia Judici\u00e1ria (CPJ) de Mar\u00edlia (SP). Eles aguardam audi\u00eancia de cust\u00f3dia.<\/p>\n<input type=\"hidden\" id=\"baseurl\" value=\"https:\/\/noticiasregionais.com.br\"><input type=\"hidden\" id=\"audio_nonce\" value=\"533fbb67b1\">","protected":false},"excerpt":{"rendered":"<p>Acompanhado do irm\u00e3o, autor do crime invadiu casa da v\u00edtima, de 18 anos, e a espancou at\u00e9 a morte no&hellip;<\/p>\n","protected":false},"author":1,"featured_media":3262,"comment_status":"closed","ping_status":"open","sticky":false,"template":"","format":"standard","meta":{"sfsi_plus_gutenberg_text_before_share":"","sfsi_plus_gutenberg_show_text_before_share":"","sfsi_plus_gutenberg_icon_type":"","sfsi_plus_gutenberg_icon_alignemt":"","sfsi_plus_gutenburg_max_per_row":"","footnotes":""},"categories":[6,12,1],"tags":[],"class_list":["post-3261","post","type-post","status-publish","format-standard","has-post-thumbnail","hentry","category-sao_paulo","category-capa","category-noticias"],"_links":{"self":[{"href":"https:\/\/noticiasregionais.com.br\/index.php?rest_route=\/wp\/v2\/posts\/3261","targetHints":{"allow":["GET"]}}],"collection":[{"href":"https:\/\/noticiasregionais.com.br\/index.php?rest_route=\/wp\/v2\/posts"}],"about":[{"href":"https:\/\/noticiasregionais.com.br\/index.php?rest_route=\/wp\/v2\/types\/post"}],"author":[{"embeddable":true,"href":"https:\/\/noticiasregionais.com.br\/index.php?rest_route=\/wp\/v2\/users\/1"}],"replies":[{"embeddable":true,"href":"https:\/\/noticiasregionais.com.br\/index.php?rest_route=%2Fwp%2Fv2%2Fcomments&post=3261"}],"version-history":[{"count":1,"href":"https:\/\/noticiasregionais.com.br\/index.php?rest_route=\/wp\/v2\/posts\/3261\/revisions"}],"predecessor-version":[{"id":3263,"href":"https:\/\/noticiasregionais.com.br\/index.php?rest_route=\/wp\/v2\/posts\/3261\/revisions\/3263"}],"wp:featuredmedia":[{"embeddable":true,"href":"https:\/\/noticiasregionais.com.br\/index.php?rest_route=\/wp\/v2\/media\/3262"}],"wp:attachment":[{"href":"https:\/\/noticiasregionais.com.br\/index.php?rest_route=%2Fwp%2Fv2%2Fmedia&parent=3261"}],"wp:term":[{"taxonomy":"category","embeddable":true,"href":"https:\/\/noticiasregionais.com.br\/index.php?rest_route=%2Fwp%2Fv2%2Fcategories&post=3261"},{"taxonomy":"post_tag","embeddable":true,"href":"https:\/\/noticiasregionais.com.br\/index.php?rest_route=%2Fwp%2Fv2%2Ftags&post=3261"}],"curies":[{"name":"wp","href":"https:\/\/api.w.org\/{rel}","templated":true}]}}