{"id":3264,"date":"2024-06-25T13:16:05","date_gmt":"2024-06-25T16:16:05","guid":{"rendered":"https:\/\/noticiasregionais.com.br\/?p=3264"},"modified":"2024-06-25T13:16:17","modified_gmt":"2024-06-25T16:16:17","slug":"operacao-do-13-baep-resulta-em-apreensao-de-drogas-e-prisao-em-flagrante-no-jardim-niceia","status":"publish","type":"post","link":"https:\/\/noticiasregionais.com.br\/?p=3264","title":{"rendered":"Opera\u00e7\u00e3o do 13\u00b0 BAEP resulta em apreens\u00e3o de drogas e pris\u00e3o em flagrante no Jardim Niceia"},"content":{"rendered":"\n<p>Na tarde de ontem, uma equipe do 13\u00b0 Batalh\u00e3o de A\u00e7\u00f5es Especiais de Pol\u00edcia (BAEP) apreendeu drogas e prendeu um homem em flagrante por tr\u00e1fico no Jardim Niceia, em Bauru.<\/p>\n\n\n\n<p><strong>A\u00e7\u00e3o r\u00e1pida garante apreens\u00e3o e pris\u00e3o<\/strong><\/p>\n\n\n\n<p>Tudo come\u00e7ou por volta das 15h, quando os policiais realizavam patrulhamento ostensivo pela Rua Valdemar Ferreira dos Santos, cruzamento com a Rua S\u00e9rgio Arcangelo. Ao notar uma motocicleta em atitude suspeita, a equipe tentou abordar o ve\u00edculo, mas o condutor n\u00e3o obedeceu \u00e0 ordem de parada e empreendeu fuga.<\/p>\n\n\n\n<p>Ap\u00f3s breve persegui\u00e7\u00e3o, os policiais conseguiram interceptar a motocicleta e deter os dois ocupantes. Durante a revista pessoal, os agentes encontraram diversos eppendorfs contendo coca\u00edna e v\u00e1rias por\u00e7\u00f5es de maconha no interior da mochila que um dos indiv\u00edduos, maior de idade, portava no momento da abordagem.<\/p>\n\n\n\n<p><strong>Menores envolvidos<\/strong><\/p>\n\n\n\n<p>Vale ressaltar que o outro ocupante da motocicleta era menor de idade. Diante da situa\u00e7\u00e3o, o menor foi liberado \u00e0 sua genitora, enquanto o indiv\u00edduo maior de idade foi preso em flagrante por tr\u00e1fico de drogas.<\/p>\n\n\n\n<p><strong>Apreens\u00e3o e encaminhamento \u00e0 delegacia<\/strong><\/p>\n\n\n\n<p>As drogas apreendidas, juntamente com o preso, foram encaminhadas ao Plant\u00e3o Policial da Pol\u00edcia Civil. A autoridade policial foi informada sobre os fatos e lavrou o Boletim de Ocorr\u00eancia Policial (BOPC) por tr\u00e1fico de drogas. A pris\u00e3o do indiv\u00edduo foi ratificada e ele permanecer\u00e1 \u00e0 disposi\u00e7\u00e3o da Justi\u00e7a.<\/p>\n\n\n\n<p><strong>Combate ao tr\u00e1fico de drogas<\/strong><\/p>\n\n\n\n<p>A a\u00e7\u00e3o do 13\u00b0 BAEP demonstra o compromisso da Pol\u00edcia Militar com o combate ao tr\u00e1fico de drogas em Bauru. A equipe continua trabalhando incansavelmente para coibir a venda de entorpecentes e garantir a seguran\u00e7a da popula\u00e7\u00e3o.<\/p>\n<input type=\"hidden\" id=\"baseurl\" value=\"https:\/\/noticiasregionais.com.br\"><input type=\"hidden\" id=\"audio_nonce\" value=\"533fbb67b1\">","protected":false},"excerpt":{"rendered":"<p>Na tarde de ontem, uma equipe do 13\u00b0 Batalh\u00e3o de A\u00e7\u00f5es Especiais de Pol\u00edcia (BAEP) apreendeu drogas e prendeu um&hellip;<\/p>\n","protected":false},"author":1,"featured_media":3265,"comment_status":"closed","ping_status":"open","sticky":false,"template":"","format":"standard","meta":{"sfsi_plus_gutenberg_text_before_share":"","sfsi_plus_gutenberg_show_text_before_share":"","sfsi_plus_gutenberg_icon_type":"","sfsi_plus_gutenberg_icon_alignemt":"","sfsi_plus_gutenburg_max_per_row":"","footnotes":""},"categories":[6,10,1],"tags":[],"class_list":["post-3264","post","type-post","status-publish","format-standard","has-post-thumbnail","hentry","category-sao_paulo","category-destaques","category-noticias"],"_links":{"self":[{"href":"https:\/\/noticiasregionais.com.br\/index.php?rest_route=\/wp\/v2\/posts\/3264","targetHints":{"allow":["GET"]}}],"collection":[{"href":"https:\/\/noticiasregionais.com.br\/index.php?rest_route=\/wp\/v2\/posts"}],"about":[{"href":"https:\/\/noticiasregionais.com.br\/index.php?rest_route=\/wp\/v2\/types\/post"}],"author":[{"embeddable":true,"href":"https:\/\/noticiasregionais.com.br\/index.php?rest_route=\/wp\/v2\/users\/1"}],"replies":[{"embeddable":true,"href":"https:\/\/noticiasregionais.com.br\/index.php?rest_route=%2Fwp%2Fv2%2Fcomments&post=3264"}],"version-history":[{"count":1,"href":"https:\/\/noticiasregionais.com.br\/index.php?rest_route=\/wp\/v2\/posts\/3264\/revisions"}],"predecessor-version":[{"id":3266,"href":"https:\/\/noticiasregionais.com.br\/index.php?rest_route=\/wp\/v2\/posts\/3264\/revisions\/3266"}],"wp:featuredmedia":[{"embeddable":true,"href":"https:\/\/noticiasregionais.com.br\/index.php?rest_route=\/wp\/v2\/media\/3265"}],"wp:attachment":[{"href":"https:\/\/noticiasregionais.com.br\/index.php?rest_route=%2Fwp%2Fv2%2Fmedia&parent=3264"}],"wp:term":[{"taxonomy":"category","embeddable":true,"href":"https:\/\/noticiasregionais.com.br\/index.php?rest_route=%2Fwp%2Fv2%2Fcategories&post=3264"},{"taxonomy":"post_tag","embeddable":true,"href":"https:\/\/noticiasregionais.com.br\/index.php?rest_route=%2Fwp%2Fv2%2Ftags&post=3264"}],"curies":[{"name":"wp","href":"https:\/\/api.w.org\/{rel}","templated":true}]}}