{"id":3267,"date":"2024-06-25T13:28:26","date_gmt":"2024-06-25T16:28:26","guid":{"rendered":"https:\/\/noticiasregionais.com.br\/?p=3267"},"modified":"2024-06-25T15:42:05","modified_gmt":"2024-06-25T18:42:05","slug":"passageiro-paraguaio-preso-com-skank-durante-operacao-impacto-na-sp-225-em-santa-cruz-do-rio-pardo","status":"publish","type":"post","link":"https:\/\/noticiasregionais.com.br\/?p=3267","title":{"rendered":"Passageiro paraguaio preso com Skank durante Opera\u00e7\u00e3o Impacto na SP-225 em Santa Cruz do Rio Pardo"},"content":{"rendered":"\n<p>Na manh\u00e3 de hoje, durante a Opera\u00e7\u00e3o &#8220;Impacto&#8221;, uma equipe da Pol\u00edcia Militar Rodovi\u00e1ria, com o apoio do 13\u00ba Batalh\u00e3o de A\u00e7\u00f5es Especiais de Pol\u00edcia (BAEP), abordou um \u00f4nibus interestadual na Rodovia Eng. Jo\u00e3o Baptista Cabral Renn\u00f3 (SP-225), no km 301, em Santa Cruz do Rio Pardo.<\/p>\n\n\n\n<p>Durante a revista de rotina, os policiais localizaram uma quantidade de Skank com um passageiro de nacionalidade paraguaia, que ocupava a poltrona de n\u00famero 57. O homem foi detido e encaminhado, juntamente com a droga apreendida, para a delegacia local para os procedimentos cab\u00edveis.<\/p>\n\n\n\n<figure class=\"wp-block-embed is-type-video is-provider-youtube wp-block-embed-youtube wp-embed-aspect-16-9 wp-has-aspect-ratio\"><div class=\"wp-block-embed__wrapper\">\n<iframe loading=\"lazy\" title=\"Passageiro paraguaio preso com Skank durante Opera\u00e7\u00e3o Impacto na SP-225 em Santa Cruz do Rio Pardo\" width=\"640\" height=\"360\" src=\"https:\/\/www.youtube.com\/embed\/guFzLQL2u8Y?feature=oembed\" frameborder=\"0\" allow=\"accelerometer; autoplay; clipboard-write; encrypted-media; gyroscope; picture-in-picture; web-share\" referrerpolicy=\"strict-origin-when-cross-origin\" allowfullscreen><\/iframe>\n<\/div><\/figure>\n<input type=\"hidden\" id=\"baseurl\" value=\"https:\/\/noticiasregionais.com.br\"><input type=\"hidden\" id=\"audio_nonce\" value=\"533fbb67b1\">","protected":false},"excerpt":{"rendered":"<p>Na manh\u00e3 de hoje, durante a Opera\u00e7\u00e3o &#8220;Impacto&#8221;, uma equipe da Pol\u00edcia Militar Rodovi\u00e1ria, com o apoio do 13\u00ba Batalh\u00e3o&hellip;<\/p>\n","protected":false},"author":1,"featured_media":3268,"comment_status":"closed","ping_status":"open","sticky":false,"template":"","format":"standard","meta":{"sfsi_plus_gutenberg_text_before_share":"","sfsi_plus_gutenberg_show_text_before_share":"","sfsi_plus_gutenberg_icon_type":"","sfsi_plus_gutenberg_icon_alignemt":"","sfsi_plus_gutenburg_max_per_row":"","footnotes":""},"categories":[6,10,1],"tags":[],"class_list":["post-3267","post","type-post","status-publish","format-standard","has-post-thumbnail","hentry","category-sao_paulo","category-destaques","category-noticias"],"_links":{"self":[{"href":"https:\/\/noticiasregionais.com.br\/index.php?rest_route=\/wp\/v2\/posts\/3267","targetHints":{"allow":["GET"]}}],"collection":[{"href":"https:\/\/noticiasregionais.com.br\/index.php?rest_route=\/wp\/v2\/posts"}],"about":[{"href":"https:\/\/noticiasregionais.com.br\/index.php?rest_route=\/wp\/v2\/types\/post"}],"author":[{"embeddable":true,"href":"https:\/\/noticiasregionais.com.br\/index.php?rest_route=\/wp\/v2\/users\/1"}],"replies":[{"embeddable":true,"href":"https:\/\/noticiasregionais.com.br\/index.php?rest_route=%2Fwp%2Fv2%2Fcomments&post=3267"}],"version-history":[{"count":1,"href":"https:\/\/noticiasregionais.com.br\/index.php?rest_route=\/wp\/v2\/posts\/3267\/revisions"}],"predecessor-version":[{"id":3269,"href":"https:\/\/noticiasregionais.com.br\/index.php?rest_route=\/wp\/v2\/posts\/3267\/revisions\/3269"}],"wp:featuredmedia":[{"embeddable":true,"href":"https:\/\/noticiasregionais.com.br\/index.php?rest_route=\/wp\/v2\/media\/3268"}],"wp:attachment":[{"href":"https:\/\/noticiasregionais.com.br\/index.php?rest_route=%2Fwp%2Fv2%2Fmedia&parent=3267"}],"wp:term":[{"taxonomy":"category","embeddable":true,"href":"https:\/\/noticiasregionais.com.br\/index.php?rest_route=%2Fwp%2Fv2%2Fcategories&post=3267"},{"taxonomy":"post_tag","embeddable":true,"href":"https:\/\/noticiasregionais.com.br\/index.php?rest_route=%2Fwp%2Fv2%2Ftags&post=3267"}],"curies":[{"name":"wp","href":"https:\/\/api.w.org\/{rel}","templated":true}]}}