{"id":3279,"date":"2024-06-25T19:45:42","date_gmt":"2024-06-25T22:45:42","guid":{"rendered":"https:\/\/noticiasregionais.com.br\/?p=3279"},"modified":"2024-06-25T19:45:54","modified_gmt":"2024-06-25T22:45:54","slug":"camara-de-ourinhos-promovera-na-proxima-quinta-27-live-sobre-junho-vermelho","status":"publish","type":"post","link":"https:\/\/noticiasregionais.com.br\/?p=3279","title":{"rendered":"C\u00e2mara de Ourinhos promover\u00e1 na pr\u00f3xima quinta (27) Live sobre Junho Vermelho"},"content":{"rendered":"\n<p>Neste m\u00eas, acontece em todo mundo a Campanha Junho Vermelho. A iniciativa objetiva conscientizar as pessoas sobre a import\u00e2ncia da doa\u00e7\u00e3o de sangue e para debater sobre tema e levar informa\u00e7\u00f5es essenciais para a popula\u00e7\u00e3o, a C\u00e2mara realizar\u00e1 uma Live na pr\u00f3xima quinta-feira, 27 de junho, \u00e0s 14h30.<\/p>\n\n\n\n<p>A transmiss\u00e3o ao vivo ser\u00e1 comandada pela vereadora Raquel Spada, que ter\u00e1 ao seu lado Adriana Gasparoto, gerente de enfermagem no Banco de Sangue de Ourinhos e a Dra. Juliane Campos Gazola, imunohematologista supervisora do Servi\u00e7o de Hemoterapia da Santa Casa de Ourinhos.<\/p>\n\n\n\n<p>A Live ser\u00e1 transmitida pela TV C\u00e2mara canal 13 da Cabonnet e tamb\u00e9m na p\u00e1gina da C\u00e2mara Municipal de Ourinhos no Facebook e canal TV C\u00e2mara no YouTube.<\/p>\n\n\n<div class=\"wp-block-image\">\n<figure class=\"aligncenter size-large\"><img decoding=\"async\" width=\"1014\" height=\"1024\" src=\"https:\/\/noticiasregionais.com.br\/wp-content\/uploads\/2024\/06\/WhatsApp-Image-2024-06-25-at-18.13.20-1014x1024.jpeg\" alt=\"\" class=\"wp-image-3280\" srcset=\"https:\/\/noticiasregionais.com.br\/wp-content\/uploads\/2024\/06\/WhatsApp-Image-2024-06-25-at-18.13.20-1014x1024.jpeg 1014w, https:\/\/noticiasregionais.com.br\/wp-content\/uploads\/2024\/06\/WhatsApp-Image-2024-06-25-at-18.13.20-297x300.jpeg 297w, https:\/\/noticiasregionais.com.br\/wp-content\/uploads\/2024\/06\/WhatsApp-Image-2024-06-25-at-18.13.20-150x150.jpeg 150w, https:\/\/noticiasregionais.com.br\/wp-content\/uploads\/2024\/06\/WhatsApp-Image-2024-06-25-at-18.13.20-768x776.jpeg 768w, https:\/\/noticiasregionais.com.br\/wp-content\/uploads\/2024\/06\/WhatsApp-Image-2024-06-25-at-18.13.20.jpeg 1267w\" sizes=\"(max-width: 1014px) 100vw, 1014px\" \/><\/figure>\n<\/div><input type=\"hidden\" id=\"baseurl\" value=\"https:\/\/noticiasregionais.com.br\"><input type=\"hidden\" id=\"audio_nonce\" value=\"533fbb67b1\">","protected":false},"excerpt":{"rendered":"<p>Neste m\u00eas, acontece em todo mundo a Campanha Junho Vermelho. A iniciativa objetiva conscientizar as pessoas sobre a import\u00e2ncia da&hellip;<\/p>\n","protected":false},"author":1,"featured_media":3281,"comment_status":"closed","ping_status":"open","sticky":false,"template":"","format":"standard","meta":{"sfsi_plus_gutenberg_text_before_share":"","sfsi_plus_gutenberg_show_text_before_share":"","sfsi_plus_gutenberg_icon_type":"","sfsi_plus_gutenberg_icon_alignemt":"","sfsi_plus_gutenburg_max_per_row":"","footnotes":""},"categories":[5,10,1],"tags":[],"class_list":["post-3279","post","type-post","status-publish","format-standard","has-post-thumbnail","hentry","category-ourinhos","category-destaques","category-noticias"],"_links":{"self":[{"href":"https:\/\/noticiasregionais.com.br\/index.php?rest_route=\/wp\/v2\/posts\/3279","targetHints":{"allow":["GET"]}}],"collection":[{"href":"https:\/\/noticiasregionais.com.br\/index.php?rest_route=\/wp\/v2\/posts"}],"about":[{"href":"https:\/\/noticiasregionais.com.br\/index.php?rest_route=\/wp\/v2\/types\/post"}],"author":[{"embeddable":true,"href":"https:\/\/noticiasregionais.com.br\/index.php?rest_route=\/wp\/v2\/users\/1"}],"replies":[{"embeddable":true,"href":"https:\/\/noticiasregionais.com.br\/index.php?rest_route=%2Fwp%2Fv2%2Fcomments&post=3279"}],"version-history":[{"count":1,"href":"https:\/\/noticiasregionais.com.br\/index.php?rest_route=\/wp\/v2\/posts\/3279\/revisions"}],"predecessor-version":[{"id":3282,"href":"https:\/\/noticiasregionais.com.br\/index.php?rest_route=\/wp\/v2\/posts\/3279\/revisions\/3282"}],"wp:featuredmedia":[{"embeddable":true,"href":"https:\/\/noticiasregionais.com.br\/index.php?rest_route=\/wp\/v2\/media\/3281"}],"wp:attachment":[{"href":"https:\/\/noticiasregionais.com.br\/index.php?rest_route=%2Fwp%2Fv2%2Fmedia&parent=3279"}],"wp:term":[{"taxonomy":"category","embeddable":true,"href":"https:\/\/noticiasregionais.com.br\/index.php?rest_route=%2Fwp%2Fv2%2Fcategories&post=3279"},{"taxonomy":"post_tag","embeddable":true,"href":"https:\/\/noticiasregionais.com.br\/index.php?rest_route=%2Fwp%2Fv2%2Ftags&post=3279"}],"curies":[{"name":"wp","href":"https:\/\/api.w.org\/{rel}","templated":true}]}}