{"id":3286,"date":"2024-06-26T17:41:28","date_gmt":"2024-06-26T20:41:28","guid":{"rendered":"https:\/\/noticiasregionais.com.br\/?p=3286"},"modified":"2024-06-26T17:41:39","modified_gmt":"2024-06-26T20:41:39","slug":"descaminho-de-celulares-casal-preso-em-florinea","status":"publish","type":"post","link":"https:\/\/noticiasregionais.com.br\/?p=3286","title":{"rendered":"Descaminho de celulares: casal preso em Flor\u00ednea"},"content":{"rendered":"\n<p>Um casal foi preso na manh\u00e3 de hoje (26) por descaminho de celulares na Rodovia Miguel Jubran (SP-333), em Flor\u00ednea. A a\u00e7\u00e3o aconteceu por volta das 10h45, durante a Opera\u00e7\u00e3o Impacto da Pol\u00edcia Rodovi\u00e1ria Estadual.<\/p>\n\n\n\n<p>A equipe abordou um ve\u00edculo Fiat Argo com placas do Mercosul e, durante a fiscaliza\u00e7\u00e3o, percebeu um volume anormal na cintura dos ocupantes. Na revista pessoal, foram encontrados diversos aparelhos celulares de origem paraguaia sem nota fiscal.<\/p>\n\n\n\n<p>Segundo os policiais, os suspeitos informaram que os celulares haviam sido comprados no Paraguai e que seriam vendidos no Brasil. O casal foi detido e encaminhado \u00e0 Pol\u00edcia Federal de Mar\u00edlia, onde responder\u00e3o por descaminho.<\/p>\n\n\n\n<p>A Opera\u00e7\u00e3o Impacto tem como objetivo combater o crime organizado nas rodovias estaduais.<\/p>\n\n\n\n<p><strong>Detalhes da apreens\u00e3o:<\/strong><\/p>\n\n\n\n<ul class=\"wp-block-list\">\n<li><strong>Local:<\/strong> Rodovia Miguel Jubran (SP-333), km 450,500<\/li>\n\n\n\n<li><strong>Data\/hora:<\/strong> 26\/06\/2024 &#8211; 10:45<\/li>\n\n\n\n<li><strong>Ve\u00edculo:<\/strong> Fiat Argo com placas do Mercosul<\/li>\n\n\n\n<li><strong>Apreendidos:<\/strong> Diversos aparelhos celulares de origem paraguaia sem nota fiscal<\/li>\n<\/ul>\n\n\n\n<p><strong>Informa\u00e7\u00f5es adicionais:<\/strong><\/p>\n\n\n\n<ul class=\"wp-block-list\">\n<li>O casal foi detido e encaminhado \u00e0 Pol\u00edcia Federal de Mar\u00edlia.<\/li>\n\n\n\n<li>A Opera\u00e7\u00e3o Impacto tem como objetivo combater o crime organizado nas rodovias estaduais.<\/li>\n<\/ul>\n<input type=\"hidden\" id=\"baseurl\" value=\"https:\/\/noticiasregionais.com.br\"><input type=\"hidden\" id=\"audio_nonce\" value=\"533fbb67b1\">","protected":false},"excerpt":{"rendered":"<p>Um casal foi preso na manh\u00e3 de hoje (26) por descaminho de celulares na Rodovia Miguel Jubran (SP-333), em Flor\u00ednea.&hellip;<\/p>\n","protected":false},"author":1,"featured_media":3287,"comment_status":"closed","ping_status":"open","sticky":false,"template":"","format":"standard","meta":{"sfsi_plus_gutenberg_text_before_share":"","sfsi_plus_gutenberg_show_text_before_share":"","sfsi_plus_gutenberg_icon_type":"","sfsi_plus_gutenberg_icon_alignemt":"","sfsi_plus_gutenburg_max_per_row":"","footnotes":""},"categories":[6,12,1],"tags":[],"class_list":["post-3286","post","type-post","status-publish","format-standard","has-post-thumbnail","hentry","category-sao_paulo","category-capa","category-noticias"],"_links":{"self":[{"href":"https:\/\/noticiasregionais.com.br\/index.php?rest_route=\/wp\/v2\/posts\/3286","targetHints":{"allow":["GET"]}}],"collection":[{"href":"https:\/\/noticiasregionais.com.br\/index.php?rest_route=\/wp\/v2\/posts"}],"about":[{"href":"https:\/\/noticiasregionais.com.br\/index.php?rest_route=\/wp\/v2\/types\/post"}],"author":[{"embeddable":true,"href":"https:\/\/noticiasregionais.com.br\/index.php?rest_route=\/wp\/v2\/users\/1"}],"replies":[{"embeddable":true,"href":"https:\/\/noticiasregionais.com.br\/index.php?rest_route=%2Fwp%2Fv2%2Fcomments&post=3286"}],"version-history":[{"count":1,"href":"https:\/\/noticiasregionais.com.br\/index.php?rest_route=\/wp\/v2\/posts\/3286\/revisions"}],"predecessor-version":[{"id":3288,"href":"https:\/\/noticiasregionais.com.br\/index.php?rest_route=\/wp\/v2\/posts\/3286\/revisions\/3288"}],"wp:featuredmedia":[{"embeddable":true,"href":"https:\/\/noticiasregionais.com.br\/index.php?rest_route=\/wp\/v2\/media\/3287"}],"wp:attachment":[{"href":"https:\/\/noticiasregionais.com.br\/index.php?rest_route=%2Fwp%2Fv2%2Fmedia&parent=3286"}],"wp:term":[{"taxonomy":"category","embeddable":true,"href":"https:\/\/noticiasregionais.com.br\/index.php?rest_route=%2Fwp%2Fv2%2Fcategories&post=3286"},{"taxonomy":"post_tag","embeddable":true,"href":"https:\/\/noticiasregionais.com.br\/index.php?rest_route=%2Fwp%2Fv2%2Ftags&post=3286"}],"curies":[{"name":"wp","href":"https:\/\/api.w.org\/{rel}","templated":true}]}}