{"id":3299,"date":"2024-06-26T19:31:21","date_gmt":"2024-06-26T22:31:21","guid":{"rendered":"https:\/\/noticiasregionais.com.br\/?p=3299"},"modified":"2024-06-26T19:31:24","modified_gmt":"2024-06-26T22:31:24","slug":"feto-e-encontrado-em-sacola-plastica-dentro-de-tambor-de-lixo-na-regiao","status":"publish","type":"post","link":"https:\/\/noticiasregionais.com.br\/?p=3299","title":{"rendered":"Feto \u00e9 encontrado em sacola pl\u00e1stica dentro de tambor de lixo na regi\u00e3o"},"content":{"rendered":"\n<p class=\"has-text-align-center\"><strong>Com base nas informa\u00e7\u00f5es passadas pelo Samu, que atendeu uma paciente com quadro de aborto e a levou para Pronto Socorro de Botucatu, a pol\u00edcia conseguiu identificar a suspeita.<\/strong><\/p>\n\n\n\n<p>O <strong>Portal G1 Bauru e Mar\u00edlia<\/strong> divulgou nas \u00faltimas horas a not\u00edcia sobre um feto que foi encontrado dentro de um tambor de lixo, em um residencial na Vila Cidade Jardim, em\u00a0<a class=\"\" href=\"https:\/\/g1.globo.com\/sp\/bauru-marilia\/cidade\/botucatu\/\" target=\"_blank\" rel=\"noopener\">Botucatu (SP)<\/a>, nesta ter\u00e7a-feira (25).<\/p>\n\n\n\n<p>De acordo com o boletim de ocorr\u00eancia, guardas civis municipais encontraram o feto no lixo, envolto em um len\u00e7ol, dentro de uma sacola pl\u00e1stica.<\/p>\n\n\n\n<p>Com base nas informa\u00e7\u00f5es passadas pelo Servi\u00e7o de Atendimento M\u00f3vel de Urg\u00eancia (Samu), que atendeu uma paciente com quadro de aborto e a levou para pronto-socorro da cidade, a pol\u00edcia conseguiu identificar a mulher suspeita de fazer o descarte.<\/p>\n\n\n\n<p>Em depoimento \u00e0 pol\u00edcia no hospital, a mulher afirmou que consumiu drogas e \u00e1lcool na noite anterior, n\u00e3o se recordando de nada. No apartamento do homem que a acompanhava no atendimento, os policiais encontraram sangue no quarto, sala e no banheiro.<\/p>\n\n\n\n<p>A ocorr\u00eancia foi registrada na Delegacia de Defesa da Mulher (DDM), onde requisitado ao Instituto M\u00e9dico Legal (IML) a realiza\u00e7\u00e3o de exame necrosc\u00f3pico no feto. A pol\u00edcia investiga se o aborto foi espont\u00e2neo ou provocado.<\/p>\n<input type=\"hidden\" id=\"baseurl\" value=\"https:\/\/noticiasregionais.com.br\"><input type=\"hidden\" id=\"audio_nonce\" value=\"533fbb67b1\">","protected":false},"excerpt":{"rendered":"<p>Com base nas informa\u00e7\u00f5es passadas pelo Samu, que atendeu uma paciente com quadro de aborto e a levou para Pronto&hellip;<\/p>\n","protected":false},"author":1,"featured_media":3300,"comment_status":"closed","ping_status":"open","sticky":false,"template":"","format":"standard","meta":{"sfsi_plus_gutenberg_text_before_share":"","sfsi_plus_gutenberg_show_text_before_share":"","sfsi_plus_gutenberg_icon_type":"","sfsi_plus_gutenberg_icon_alignemt":"","sfsi_plus_gutenburg_max_per_row":"","footnotes":""},"categories":[6,10,1],"tags":[],"class_list":["post-3299","post","type-post","status-publish","format-standard","has-post-thumbnail","hentry","category-sao_paulo","category-destaques","category-noticias"],"_links":{"self":[{"href":"https:\/\/noticiasregionais.com.br\/index.php?rest_route=\/wp\/v2\/posts\/3299","targetHints":{"allow":["GET"]}}],"collection":[{"href":"https:\/\/noticiasregionais.com.br\/index.php?rest_route=\/wp\/v2\/posts"}],"about":[{"href":"https:\/\/noticiasregionais.com.br\/index.php?rest_route=\/wp\/v2\/types\/post"}],"author":[{"embeddable":true,"href":"https:\/\/noticiasregionais.com.br\/index.php?rest_route=\/wp\/v2\/users\/1"}],"replies":[{"embeddable":true,"href":"https:\/\/noticiasregionais.com.br\/index.php?rest_route=%2Fwp%2Fv2%2Fcomments&post=3299"}],"version-history":[{"count":1,"href":"https:\/\/noticiasregionais.com.br\/index.php?rest_route=\/wp\/v2\/posts\/3299\/revisions"}],"predecessor-version":[{"id":3301,"href":"https:\/\/noticiasregionais.com.br\/index.php?rest_route=\/wp\/v2\/posts\/3299\/revisions\/3301"}],"wp:featuredmedia":[{"embeddable":true,"href":"https:\/\/noticiasregionais.com.br\/index.php?rest_route=\/wp\/v2\/media\/3300"}],"wp:attachment":[{"href":"https:\/\/noticiasregionais.com.br\/index.php?rest_route=%2Fwp%2Fv2%2Fmedia&parent=3299"}],"wp:term":[{"taxonomy":"category","embeddable":true,"href":"https:\/\/noticiasregionais.com.br\/index.php?rest_route=%2Fwp%2Fv2%2Fcategories&post=3299"},{"taxonomy":"post_tag","embeddable":true,"href":"https:\/\/noticiasregionais.com.br\/index.php?rest_route=%2Fwp%2Fv2%2Ftags&post=3299"}],"curies":[{"name":"wp","href":"https:\/\/api.w.org\/{rel}","templated":true}]}}