{"id":3305,"date":"2024-06-28T07:23:35","date_gmt":"2024-06-28T10:23:35","guid":{"rendered":"https:\/\/noticiasregionais.com.br\/?p=3305"},"modified":"2024-06-28T07:23:39","modified_gmt":"2024-06-28T10:23:39","slug":"casal-e-preso-em-flagrante-por-tentativa-de-roubo-em-ourinhos","status":"publish","type":"post","link":"https:\/\/noticiasregionais.com.br\/?p=3305","title":{"rendered":"Casal \u00e9 preso em flagrante por tentativa de roubo em Ourinhos"},"content":{"rendered":"\n<p>Um homem e uma mulher foram presos em flagrante na madrugada desta quinta-feira (27), por tentativa de roubo em Ourinhos. A a\u00e7\u00e3o r\u00e1pida da Pol\u00edcia Militar evitou que o crime se concretizasse e garantiu a seguran\u00e7a da v\u00edtima.<\/p>\n\n\n\n<p>Segundo informa\u00e7\u00f5es da PM, a equipe foi acionada via COPOM (Centro de Opera\u00e7\u00f5es da Pol\u00edcia Militar) para atender uma ocorr\u00eancia de atitude suspeita na Rua Alice Teixeira de Oliveira, no Jardim Santa F\u00e9 II. Ao chegar ao local, os policiais abordaram um homem que estava no quintal de uma resid\u00eancia e encontraram em sua posse um rev\u00f3lver calibre 38 com seis muni\u00e7\u00f5es intactas, al\u00e9m de outras tr\u00eas muni\u00e7\u00f5es em um de seus bolsos.<\/p>\n\n\n\n<p>Nas proximidades, os agentes localizaram um ve\u00edculo e abordaram uma mulher que estava em seu interior. Durante entrevista, a mulher confessou que estava com o homem abordado anteriormente e que ambos vieram de Ibipor\u00e3 com a inten\u00e7\u00e3o de realizar um roubo.<\/p>\n\n\n\n<p>Diante dos fatos, o casal recebeu voz de pris\u00e3o e foi conduzido \u00e0 Central de Pol\u00edcia Judici\u00e1ria, onde a ocorr\u00eancia foi registrada como tentativa de roubo. Os detidos permaneceram presos \u00e0 disposi\u00e7\u00e3o da justi\u00e7a.<\/p>\n\n\n\n<p><strong>A\u00e7\u00f5es da PM garantem seguran\u00e7a da popula\u00e7\u00e3o<\/strong><\/p>\n\n\n\n<p>A pris\u00e3o do casal \u00e9 um resultado do trabalho ostensivo e preventivo da Pol\u00edcia Militar, que est\u00e1 sempre atenta para garantir a seguran\u00e7a da popula\u00e7\u00e3o. A PM refor\u00e7a a import\u00e2ncia da den\u00fancia de qualquer atitude suspeita, para que a corpora\u00e7\u00e3o possa agir de forma r\u00e1pida e eficaz.<\/p>\n\n\n\n<p><strong>Em caso de emerg\u00eancia, ligue 190.<\/strong><\/p>\n\n\n<div class=\"wp-block-image\">\n<figure class=\"aligncenter size-large\"><img decoding=\"async\" width=\"576\" height=\"1024\" src=\"https:\/\/noticiasregionais.com.br\/wp-content\/uploads\/2024\/06\/WhatsApp-Image-2024-06-27-at-11.44.25-576x1024.jpeg\" alt=\"\" class=\"wp-image-3306\" srcset=\"https:\/\/noticiasregionais.com.br\/wp-content\/uploads\/2024\/06\/WhatsApp-Image-2024-06-27-at-11.44.25-576x1024.jpeg 576w, https:\/\/noticiasregionais.com.br\/wp-content\/uploads\/2024\/06\/WhatsApp-Image-2024-06-27-at-11.44.25-169x300.jpeg 169w, https:\/\/noticiasregionais.com.br\/wp-content\/uploads\/2024\/06\/WhatsApp-Image-2024-06-27-at-11.44.25-768x1366.jpeg 768w, https:\/\/noticiasregionais.com.br\/wp-content\/uploads\/2024\/06\/WhatsApp-Image-2024-06-27-at-11.44.25-864x1536.jpeg 864w, https:\/\/noticiasregionais.com.br\/wp-content\/uploads\/2024\/06\/WhatsApp-Image-2024-06-27-at-11.44.25.jpeg 899w\" sizes=\"(max-width: 576px) 100vw, 576px\" \/><\/figure>\n<\/div><input type=\"hidden\" id=\"baseurl\" value=\"https:\/\/noticiasregionais.com.br\"><input type=\"hidden\" id=\"audio_nonce\" value=\"533fbb67b1\">","protected":false},"excerpt":{"rendered":"<p>Um homem e uma mulher foram presos em flagrante na madrugada desta quinta-feira (27), por tentativa de roubo em Ourinhos.&hellip;<\/p>\n","protected":false},"author":1,"featured_media":3307,"comment_status":"closed","ping_status":"open","sticky":false,"template":"","format":"standard","meta":{"sfsi_plus_gutenberg_text_before_share":"","sfsi_plus_gutenberg_show_text_before_share":"","sfsi_plus_gutenberg_icon_type":"","sfsi_plus_gutenberg_icon_alignemt":"","sfsi_plus_gutenburg_max_per_row":"","footnotes":""},"categories":[5,10,1],"tags":[],"class_list":["post-3305","post","type-post","status-publish","format-standard","has-post-thumbnail","hentry","category-ourinhos","category-destaques","category-noticias"],"_links":{"self":[{"href":"https:\/\/noticiasregionais.com.br\/index.php?rest_route=\/wp\/v2\/posts\/3305","targetHints":{"allow":["GET"]}}],"collection":[{"href":"https:\/\/noticiasregionais.com.br\/index.php?rest_route=\/wp\/v2\/posts"}],"about":[{"href":"https:\/\/noticiasregionais.com.br\/index.php?rest_route=\/wp\/v2\/types\/post"}],"author":[{"embeddable":true,"href":"https:\/\/noticiasregionais.com.br\/index.php?rest_route=\/wp\/v2\/users\/1"}],"replies":[{"embeddable":true,"href":"https:\/\/noticiasregionais.com.br\/index.php?rest_route=%2Fwp%2Fv2%2Fcomments&post=3305"}],"version-history":[{"count":1,"href":"https:\/\/noticiasregionais.com.br\/index.php?rest_route=\/wp\/v2\/posts\/3305\/revisions"}],"predecessor-version":[{"id":3308,"href":"https:\/\/noticiasregionais.com.br\/index.php?rest_route=\/wp\/v2\/posts\/3305\/revisions\/3308"}],"wp:featuredmedia":[{"embeddable":true,"href":"https:\/\/noticiasregionais.com.br\/index.php?rest_route=\/wp\/v2\/media\/3307"}],"wp:attachment":[{"href":"https:\/\/noticiasregionais.com.br\/index.php?rest_route=%2Fwp%2Fv2%2Fmedia&parent=3305"}],"wp:term":[{"taxonomy":"category","embeddable":true,"href":"https:\/\/noticiasregionais.com.br\/index.php?rest_route=%2Fwp%2Fv2%2Fcategories&post=3305"},{"taxonomy":"post_tag","embeddable":true,"href":"https:\/\/noticiasregionais.com.br\/index.php?rest_route=%2Fwp%2Fv2%2Ftags&post=3305"}],"curies":[{"name":"wp","href":"https:\/\/api.w.org\/{rel}","templated":true}]}}