{"id":3309,"date":"2024-06-28T07:35:57","date_gmt":"2024-06-28T10:35:57","guid":{"rendered":"https:\/\/noticiasregionais.com.br\/?p=3309"},"modified":"2024-06-28T07:36:09","modified_gmt":"2024-06-28T10:36:09","slug":"uso-de-recursos-da-causa-animal-em-ourinhos-precisa-de-transparencia-e-esclarecimentos-afirma-vereadora","status":"publish","type":"post","link":"https:\/\/noticiasregionais.com.br\/?p=3309","title":{"rendered":"Uso de recursos da Causa Animal em Ourinhos precisa de transpar\u00eancia e esclarecimentos, afirma vereadora"},"content":{"rendered":"\n<p class=\"has-text-align-center\"><strong>Vereadora Nilce Protetora dos Animais apresenta Requerimento solicitando c\u00f3pia do contrato com o Centro M\u00e9dico Veterin\u00e1rio Animal e informe de todos os pagamentos efetuados nos \u00faltimos 36 meses<\/strong><\/p>\n\n\n\n<p>Durante a 21\u00aa Sess\u00e3o Ordin\u00e1ria, a vereadora Nilce Protetora dos Animais apresentou o Requerimento n\u00ba 663\/2024 solicitando c\u00f3pia do contrato administrativo celebrado com a empresa CMV &#8211; CENTRO M\u00c9DICO VETERINARIO ANIMAL PET LTDA, bem como informe de todos os pagamentos efetuados nos \u00faltimos 36 meses e o n\u00famero de animais atendimentos, procedimentos realizados e os respectivos tutores.<\/p>\n\n\n\n<p>\u201c\u00c9 um contrato firmado entre a Prefeitura e essa cl\u00ednica. Sabemos que desde setembro n\u00e3o acontecem castra\u00e7\u00f5es, inclusive eu mesma trouxe emenda para castra\u00e7\u00e3o e queremos transpar\u00eancia\u201d, disse.<\/p>\n\n\n\n<p>Nilce disse que existem divulga\u00e7\u00e3o de milhares de castra\u00e7\u00f5es. \u201cFalam de 3 mi, 4 mil castra\u00e7\u00f5es. Ent\u00e3o, temos v\u00e1rios questionamentos: no contrato fala em atendimento de animais, que animais? Que atendimento foi esse? Quais procedimentos realizados? Quem s\u00e3o os donos desses animais? A causa animal em Ourinhos \u00e9 uma inc\u00f3gnita e precisamos ter respostas\u201d.<\/p>\n<input type=\"hidden\" id=\"baseurl\" value=\"https:\/\/noticiasregionais.com.br\"><input type=\"hidden\" id=\"audio_nonce\" value=\"533fbb67b1\">","protected":false},"excerpt":{"rendered":"<p>Vereadora Nilce Protetora dos Animais apresenta Requerimento solicitando c\u00f3pia do contrato com o Centro M\u00e9dico Veterin\u00e1rio Animal e informe de&hellip;<\/p>\n","protected":false},"author":1,"featured_media":3310,"comment_status":"closed","ping_status":"open","sticky":false,"template":"","format":"standard","meta":{"sfsi_plus_gutenberg_text_before_share":"","sfsi_plus_gutenberg_show_text_before_share":"","sfsi_plus_gutenberg_icon_type":"","sfsi_plus_gutenberg_icon_alignemt":"","sfsi_plus_gutenburg_max_per_row":"","footnotes":""},"categories":[5,12,1],"tags":[],"class_list":["post-3309","post","type-post","status-publish","format-standard","has-post-thumbnail","hentry","category-ourinhos","category-capa","category-noticias"],"_links":{"self":[{"href":"https:\/\/noticiasregionais.com.br\/index.php?rest_route=\/wp\/v2\/posts\/3309","targetHints":{"allow":["GET"]}}],"collection":[{"href":"https:\/\/noticiasregionais.com.br\/index.php?rest_route=\/wp\/v2\/posts"}],"about":[{"href":"https:\/\/noticiasregionais.com.br\/index.php?rest_route=\/wp\/v2\/types\/post"}],"author":[{"embeddable":true,"href":"https:\/\/noticiasregionais.com.br\/index.php?rest_route=\/wp\/v2\/users\/1"}],"replies":[{"embeddable":true,"href":"https:\/\/noticiasregionais.com.br\/index.php?rest_route=%2Fwp%2Fv2%2Fcomments&post=3309"}],"version-history":[{"count":1,"href":"https:\/\/noticiasregionais.com.br\/index.php?rest_route=\/wp\/v2\/posts\/3309\/revisions"}],"predecessor-version":[{"id":3311,"href":"https:\/\/noticiasregionais.com.br\/index.php?rest_route=\/wp\/v2\/posts\/3309\/revisions\/3311"}],"wp:featuredmedia":[{"embeddable":true,"href":"https:\/\/noticiasregionais.com.br\/index.php?rest_route=\/wp\/v2\/media\/3310"}],"wp:attachment":[{"href":"https:\/\/noticiasregionais.com.br\/index.php?rest_route=%2Fwp%2Fv2%2Fmedia&parent=3309"}],"wp:term":[{"taxonomy":"category","embeddable":true,"href":"https:\/\/noticiasregionais.com.br\/index.php?rest_route=%2Fwp%2Fv2%2Fcategories&post=3309"},{"taxonomy":"post_tag","embeddable":true,"href":"https:\/\/noticiasregionais.com.br\/index.php?rest_route=%2Fwp%2Fv2%2Ftags&post=3309"}],"curies":[{"name":"wp","href":"https:\/\/api.w.org\/{rel}","templated":true}]}}