{"id":3312,"date":"2024-06-28T07:45:24","date_gmt":"2024-06-28T10:45:24","guid":{"rendered":"https:\/\/noticiasregionais.com.br\/?p=3312"},"modified":"2024-06-28T07:45:27","modified_gmt":"2024-06-28T10:45:27","slug":"triunfo-transbrasiliana-instala-carregador-eletrico-para-veiculos-na-br-153-sp","status":"publish","type":"post","link":"https:\/\/noticiasregionais.com.br\/?p=3312","title":{"rendered":"Triunfo Transbrasiliana instala carregador el\u00e9trico para ve\u00edculos na BR-153\/SP"},"content":{"rendered":"\n<p>No m\u00eas do Meio Ambiente, a Triunfo Transbrasiliana, Concession\u00e1ria que administra o trecho paulista da BR-153, instalou uma esta\u00e7\u00e3o de carregamento para ve\u00edculos el\u00e9tricos ou h\u00edbridos na Base de Servi\u00e7o Operacional (BSO) de Guai\u00e7ara, localizada no quil\u00f4metro 173+700. O equipamento \u00e9 uma op\u00e7\u00e3o sem qualquer custo aos motoristas que trafegam pela rodovia e est\u00e1 dispon\u00edvel no estacionamento da Base, a fim de facilitar o acesso dos usu\u00e1rios.<\/p>\n\n\n\n<p>O carregador de pot\u00eancia 22kW possui uma entrada T2 (tipo 2) que \u00e9 compat\u00edvel com diversas montadoras renomadas do mercado como Audi, BMW, BYD, Mercedes-Benz, Renault, Smart, Tesla, Volkswagen e Volvo. O carregamento el\u00e9trico por uma hora proporciona, em m\u00e9dia, 110 quil\u00f4metros de autonomia para o ve\u00edculo, oferecendo uma solu\u00e7\u00e3o r\u00e1pida, eficiente e sustent\u00e1vel.<\/p>\n\n\n\n<p>Para o Gerente de Sistema de Gest\u00e3o Integrada \u2013 SGI da Concession\u00e1ria, Wilson Santos, o equipamento \u00e9 mais uma op\u00e7\u00e3o de servi\u00e7o gratuito dispon\u00edvel aos motoristas e que vai ajudar diretamente na redu\u00e7\u00e3o da emiss\u00e3o de poluentes. \u201cComo existe uma procura grande por ve\u00edculos el\u00e9tricos ou h\u00edbridos, pensamos em oferecer gratuitamente aos nossos usu\u00e1rios essa comodidade, que \u00e9 uma op\u00e7\u00e3o de energia 100% limpa e que contribui para a redu\u00e7\u00e3o de emiss\u00e3o de gases de efeito estufa. Al\u00e9m disso, a iniciativa vai ao encontro da nossa pol\u00edtica de sustentabilidade e das boas pr\u00e1ticas da agenda ESG da Concession\u00e1ria\u201d, comentou.&nbsp;&nbsp; &nbsp;<\/p>\n\n\n\n<p>A esta\u00e7\u00e3o de carregamento el\u00e9trico \u00e9 um projeto piloto da empresa que estuda a possibilidade de estender a iniciativa de energia limpa para outras BSOs ao longo de trecho. Ao total, os usu\u00e1rios da BR-153\/SP t\u00eam a sua disposi\u00e7\u00e3o sete bases que ficam em:<\/p>\n\n\n\n<ul class=\"wp-block-list\">\n<li><strong>BSO1<\/strong> \u2013 Nova Granada (km 23+700 \u2013 sentido sul)<\/li>\n\n\n\n<li><strong>BSO2<\/strong> \u2013 S\u00e3o Jos\u00e9 do Rio Preto (km 71+900 \u2013 sentido norte)<\/li>\n\n\n\n<li><strong>BSO3<\/strong> \u2013 Ubarana (km 122+500 \u2013 sentido sul)<\/li>\n\n\n\n<li><strong>BSO4<\/strong> \u2013 Guai\u00e7ara (km 173+700 \u2013 sentido norte) \u2013 <strong>Ponto de recarga gratuito no estacionamento<\/strong><\/li>\n\n\n\n<li><strong>BS05<\/strong> \u2013 Mar\u00edlia (km 217+500 \u2013 sentido sul)<\/li>\n\n\n\n<li><strong>BSO6<\/strong> \u2013 Ocau\u00e7u (km 278+300 \u2013 sentido sul)<\/li>\n\n\n\n<li><strong>BSO7<\/strong> \u2013 Ribeir\u00e3o do Sul (km 322+700 \u2013 sentido norte)\u00a0\u00a0\u00a0\u00a0\u00a0\u00a0\u00a0<\/li>\n<\/ul>\n\n\n\n<p>A iniciativa da Concession\u00e1ria \u00e9 uma das a\u00e7\u00f5es voltadas ao alcance dos 17 Objetivos de Desenvolvimento Sustent\u00e1vel (ODS), entre eles o ODS 7 \u2013 Energia limpa e acess\u00edvel, que busca assegurar o acesso confi\u00e1vel, sustent\u00e1vel, moderno e a pre\u00e7o acess\u00edvel \u00e0 energia para todas e todos.<\/p>\n\n\n\n<p><strong>Reconhecimentos no Meio Ambiente<\/strong><\/p>\n\n\n\n<p>Comprometida com o meio ambiente, a Companhia foi reconhecida por cinco anos consecutivos como uma das cinco rodovias federais que melhor desempenharam atividades voltadas aos cuidados com o meio ambiente e \u00e0s pr\u00e1ticas de preserva\u00e7\u00e3o, de acordo com o \u00cdndice de Desempenho Ambiental (IDA) da Ag\u00eancia Nacional de Transportes Terrestres (ANTT). A Concession\u00e1ria ficou em 1\u00ba lugar (2020, 2021, 2022) e em 2\u00ba lugar (2023 e 2024) no IDA.<\/p>\n\n\n\n<p>A premia\u00e7\u00e3o avalia indicadores de desempenho socioambiental e crit\u00e9rios, como: Pol\u00edtica Ambiental Institucional, pr\u00e1ticas voltadas \u00e0 biodiversidade, tecnologias e boas pr\u00e1ticas socioambientais inovadoras de diversas Concession\u00e1rias.<\/p>\n<input type=\"hidden\" id=\"baseurl\" value=\"https:\/\/noticiasregionais.com.br\"><input type=\"hidden\" id=\"audio_nonce\" value=\"533fbb67b1\">","protected":false},"excerpt":{"rendered":"<p>No m\u00eas do Meio Ambiente, a Triunfo Transbrasiliana, Concession\u00e1ria que administra o trecho paulista da BR-153, instalou uma esta\u00e7\u00e3o de&hellip;<\/p>\n","protected":false},"author":1,"featured_media":3313,"comment_status":"closed","ping_status":"open","sticky":false,"template":"","format":"standard","meta":{"sfsi_plus_gutenberg_text_before_share":"","sfsi_plus_gutenberg_show_text_before_share":"","sfsi_plus_gutenberg_icon_type":"","sfsi_plus_gutenberg_icon_alignemt":"","sfsi_plus_gutenburg_max_per_row":"","footnotes":""},"categories":[6,10,1],"tags":[],"class_list":["post-3312","post","type-post","status-publish","format-standard","has-post-thumbnail","hentry","category-sao_paulo","category-destaques","category-noticias"],"_links":{"self":[{"href":"https:\/\/noticiasregionais.com.br\/index.php?rest_route=\/wp\/v2\/posts\/3312","targetHints":{"allow":["GET"]}}],"collection":[{"href":"https:\/\/noticiasregionais.com.br\/index.php?rest_route=\/wp\/v2\/posts"}],"about":[{"href":"https:\/\/noticiasregionais.com.br\/index.php?rest_route=\/wp\/v2\/types\/post"}],"author":[{"embeddable":true,"href":"https:\/\/noticiasregionais.com.br\/index.php?rest_route=\/wp\/v2\/users\/1"}],"replies":[{"embeddable":true,"href":"https:\/\/noticiasregionais.com.br\/index.php?rest_route=%2Fwp%2Fv2%2Fcomments&post=3312"}],"version-history":[{"count":1,"href":"https:\/\/noticiasregionais.com.br\/index.php?rest_route=\/wp\/v2\/posts\/3312\/revisions"}],"predecessor-version":[{"id":3314,"href":"https:\/\/noticiasregionais.com.br\/index.php?rest_route=\/wp\/v2\/posts\/3312\/revisions\/3314"}],"wp:featuredmedia":[{"embeddable":true,"href":"https:\/\/noticiasregionais.com.br\/index.php?rest_route=\/wp\/v2\/media\/3313"}],"wp:attachment":[{"href":"https:\/\/noticiasregionais.com.br\/index.php?rest_route=%2Fwp%2Fv2%2Fmedia&parent=3312"}],"wp:term":[{"taxonomy":"category","embeddable":true,"href":"https:\/\/noticiasregionais.com.br\/index.php?rest_route=%2Fwp%2Fv2%2Fcategories&post=3312"},{"taxonomy":"post_tag","embeddable":true,"href":"https:\/\/noticiasregionais.com.br\/index.php?rest_route=%2Fwp%2Fv2%2Ftags&post=3312"}],"curies":[{"name":"wp","href":"https:\/\/api.w.org\/{rel}","templated":true}]}}