{"id":3318,"date":"2024-06-28T10:39:57","date_gmt":"2024-06-28T13:39:57","guid":{"rendered":"https:\/\/noticiasregionais.com.br\/?p=3318"},"modified":"2024-06-28T10:40:00","modified_gmt":"2024-06-28T13:40:00","slug":"cipa-promove-ginastica-laboral-a-funcionarios-das-secretarias","status":"publish","type":"post","link":"https:\/\/noticiasregionais.com.br\/?p=3318","title":{"rendered":"CIPA promove gin\u00e1stica laboral a funcion\u00e1rios das Secretarias"},"content":{"rendered":"\n<p>A CIPA Administrativa (Comiss\u00e3o Interna de Preven\u00e7\u00e3o de Acidentes) promoveu na \u00faltima ter\u00e7a-feira (4), uma manh\u00e3 voltada a sa\u00fade, com uma sess\u00e3o de gin\u00e1stica laboral para os funcion\u00e1rios das Secretarias de Inclus\u00e3o, Planejamento e Comunica\u00e7\u00e3o.<\/p>\n\n\n\n<p>A gin\u00e1stica laboral promove diversos benef\u00edcios que v\u00e3o desde a melhoria da condi\u00e7\u00e3o f\u00edsica, preven\u00e7\u00e3o de les\u00f5es, redu\u00e7\u00e3o do n\u00edvel de estresse e satisfa\u00e7\u00e3o no ambiente de trabalho.<\/p>\n\n\n\n<p>A iniciativa partiu dos membros da CIPA Administrativa Elaine Zanutto, Cibele Oliveira, Tiago Cabral, Joyce Leoc\u00e1dio e Jefferson Pereira Costa.<\/p>\n<input type=\"hidden\" id=\"baseurl\" value=\"https:\/\/noticiasregionais.com.br\"><input type=\"hidden\" id=\"audio_nonce\" value=\"533fbb67b1\">","protected":false},"excerpt":{"rendered":"<p>A CIPA Administrativa (Comiss\u00e3o Interna de Preven\u00e7\u00e3o de Acidentes) promoveu na \u00faltima ter\u00e7a-feira (4), uma manh\u00e3 voltada a sa\u00fade, com&hellip;<\/p>\n","protected":false},"author":1,"featured_media":3319,"comment_status":"closed","ping_status":"open","sticky":false,"template":"","format":"standard","meta":{"sfsi_plus_gutenberg_text_before_share":"","sfsi_plus_gutenberg_show_text_before_share":"","sfsi_plus_gutenberg_icon_type":"","sfsi_plus_gutenberg_icon_alignemt":"","sfsi_plus_gutenburg_max_per_row":"","footnotes":""},"categories":[5,10,1],"tags":[],"class_list":["post-3318","post","type-post","status-publish","format-standard","has-post-thumbnail","hentry","category-ourinhos","category-destaques","category-noticias"],"_links":{"self":[{"href":"https:\/\/noticiasregionais.com.br\/index.php?rest_route=\/wp\/v2\/posts\/3318","targetHints":{"allow":["GET"]}}],"collection":[{"href":"https:\/\/noticiasregionais.com.br\/index.php?rest_route=\/wp\/v2\/posts"}],"about":[{"href":"https:\/\/noticiasregionais.com.br\/index.php?rest_route=\/wp\/v2\/types\/post"}],"author":[{"embeddable":true,"href":"https:\/\/noticiasregionais.com.br\/index.php?rest_route=\/wp\/v2\/users\/1"}],"replies":[{"embeddable":true,"href":"https:\/\/noticiasregionais.com.br\/index.php?rest_route=%2Fwp%2Fv2%2Fcomments&post=3318"}],"version-history":[{"count":1,"href":"https:\/\/noticiasregionais.com.br\/index.php?rest_route=\/wp\/v2\/posts\/3318\/revisions"}],"predecessor-version":[{"id":3320,"href":"https:\/\/noticiasregionais.com.br\/index.php?rest_route=\/wp\/v2\/posts\/3318\/revisions\/3320"}],"wp:featuredmedia":[{"embeddable":true,"href":"https:\/\/noticiasregionais.com.br\/index.php?rest_route=\/wp\/v2\/media\/3319"}],"wp:attachment":[{"href":"https:\/\/noticiasregionais.com.br\/index.php?rest_route=%2Fwp%2Fv2%2Fmedia&parent=3318"}],"wp:term":[{"taxonomy":"category","embeddable":true,"href":"https:\/\/noticiasregionais.com.br\/index.php?rest_route=%2Fwp%2Fv2%2Fcategories&post=3318"},{"taxonomy":"post_tag","embeddable":true,"href":"https:\/\/noticiasregionais.com.br\/index.php?rest_route=%2Fwp%2Fv2%2Ftags&post=3318"}],"curies":[{"name":"wp","href":"https:\/\/api.w.org\/{rel}","templated":true}]}}